{"id":43381,"date":"2019-12-11T12:18:15","date_gmt":"2019-12-11T11:18:15","guid":{"rendered":"https:\/\/www.santpol.edu.es\/?p=43381"},"modified":"2022-05-31T12:55:49","modified_gmt":"2022-05-31T10:55:49","slug":"xef-carme-ruscalleda-convidada-acte-graduacio-euht-stpol","status":"publish","type":"post","link":"https:\/\/www.santpol.edu.es\/ca\/blog\/xef-carme-ruscalleda-convidada-acte-graduacio-euht-stpol\/","title":{"rendered":"La xef Carme Ruscalleda, convidada d\u2019honor a l\u2019Acte de Graduaci\u00f3 2019 de l\u2019EUHT StPOL"},"content":{"rendered":"<h3><strong>Carme Ruscalleda dictar\u00e0 la lli\u00e7\u00f3 magistral de l\u2019acte de Graduaci\u00f3 2019 de l\u2019Escola Universit\u00e0ria d\u2019Hoteleria i Turisme de Sant Pol de Mar, que tindr\u00e0 lloc el divendres 13 de desembre a les instal\u00b7lacions de l\u2019Hotel-Escola de Sant Pol de Mar. Durant l\u2019acte, es far\u00e0 entrega dels diplomes als graduats dels diferents programes acad\u00e8mics de l\u2019EUHT StPOL: grau universitari, cicle formatiu i m\u00e0sters.<\/strong><\/h3>\n<p>El proper divendres 13 de desembre l\u2019Hotel-Escola de Sant Pol de Mar acollir\u00e0 la celebraci\u00f3 de l\u2019<strong>Acte de Graduaci\u00f3 2019<\/strong> per aquells alumnes que el curs 2018-2019 van finalitzar algun del programes que s\u2019imparteixen a l\u2019EUHT StPOL: el <a href=\"https:\/\/santpol.edu.es\/ca\/grau-universitari-en-gestio-hotelera-i-turistica\/\" target=\"_blank\" rel=\"noopener noreferrer\">grau universitari en gesti\u00f3 hotelera i tur\u00edstica<\/a>, el <a href=\"https:\/\/santpol.edu.es\/ca\/tecnic-en-gastronomia-i-restauracio\/\" target=\"_blank\" rel=\"noopener noreferrer\">cicle formatiu de grau mitj\u00e0 en gastronomia i serveis en restauraci\u00f3<\/a>, el <a href=\"https:\/\/santpol.edu.es\/ca\/master-in-hospitality-management\/\" target=\"_blank\" rel=\"noopener noreferrer\">m\u00e0ster en hospitality management<\/a> i el <a href=\"https:\/\/santpol.edu.es\/ca\/master-en-arts-culinaries-i-direccio-de-cuina\/\" target=\"_blank\" rel=\"noopener noreferrer\">m\u00e0ster en arts culin\u00e0ries i direcci\u00f3 de cuina<\/a> (en la modalitat en castell\u00e0 o angl\u00e8s).<\/p>\n<p>Enguany, l\u2019Acte de Graduaci\u00f3 tindr\u00e0 com a convidada especial <strong>la xef Carme Ruscalleda.<\/strong><\/p>\n<p>Carme Ruscalleda va n\u00e9ixer a Sant Pol de Mar i va ser a Sant Pol de Mar on el seu restaurant Sant Pau va obtenir els majors guardons professionals. A m\u00e9s de les tres estrelles Michelin del restaurant Sant Pau, que va tancar el 2018<strong>, els projectes sota el paraigua de la xef Carme Ruscalleda han obtingut 7 estrelles Michelin<\/strong>: dos per al restaurant Moments, que gestiona amb el seu fill Ra\u00fcl Balam a l&#8217;hotel Mandarin Oriental de Barcelona ; i dos per al restaurant Sant Pau de T\u00f2quio. Aquest 2019 ha rebut el Premi Nacional de Cultura de la Generalitat de Catalunya per la seva traject\u00f2ria com a xef i la seva tasca a la cuina.<\/p>\n<p>Ella ser\u00e0 l\u2019encarregada de dictar la <strong>lli\u00e7\u00f3 magistral de l\u2019acte de graduaci\u00f3 2019<\/strong>, en el qualest\u00e0 previst que hi assisteixin m\u00e9s d\u2019un centenar de persones.<\/p>\n","protected":false},"excerpt":{"rendered":"<p>Carme Ruscalleda dictar\u00e0 la lli\u00e7\u00f3 magistral de l\u2019acte de Graduaci\u00f3 2019 de l\u2019Escola Universit\u00e0ria d\u2019Hoteleria i Turisme de Sant Pol de Mar, que tindr\u00e0 lloc el<span class=\"excerpt-hellip\"> [\u2026]<\/span><\/p>\n","protected":false},"author":1,"featured_media":43384,"comment_status":"closed","ping_status":"closed","sticky":false,"template":"","format":"standard","meta":{"footnotes":""},"categories":[3896,1948,5524,9365,1945,1946],"tags":[4172,4170,8305,3792,3730],"class_list":["post-43381","post","type-post","status-publish","format-standard","has-post-thumbnail","hentry","category-activitat","category-esdeveniments","category-news-homenoticesnoticias-euht-stpol-ca","category-news-homenoticias-euht-stpol-ca","category-noticies-euht-stpol","category-noticies-home","tag-acte-graduacio","tag-carme-ruscalleda","tag-euht-stpol-ca-2","tag-graduacio","tag-xef"],"yoast_head":"<!-- This site is optimized with the Yoast SEO plugin v25.8 - https:\/\/yoast.com\/wordpress\/plugins\/seo\/ -->\n<title>La xef Carme Ruscalleda, convidada d\u2019honor a l\u2019Acte de Graduaci\u00f3 2019 de l\u2019EUHT StPOL<\/title>\n<meta name=\"description\" content=\"La xef Carme Ruscalleda dictar\u00e0 la lli\u00e7\u00f3 magistral de l&#039;Acte de Graduaci\u00f3 2019 de l&#039;EUHT StPOL, en qu\u00e8 s&#039;entregaran els diplomes als graduats.\" \/>\n<meta name=\"robots\" content=\"index, follow, max-snippet:-1, max-image-preview:large, max-video-preview:-1\" \/>\n<link rel=\"canonical\" href=\"https:\/\/www.santpol.edu.es\/ca\/blog\/xef-carme-ruscalleda-convidada-acte-graduacio-euht-stpol\/\" \/>\n<meta property=\"og:locale\" content=\"ca_ES\" \/>\n<meta property=\"og:type\" content=\"article\" \/>\n<meta property=\"og:title\" content=\"La xef Carme Ruscalleda, convidada d\u2019honor a l\u2019Acte de Graduaci\u00f3 2019 de l\u2019EUHT StPOL\" \/>\n<meta property=\"og:description\" content=\"La xef Carme Ruscalleda dictar\u00e0 la lli\u00e7\u00f3 magistral de l&#039;Acte de Graduaci\u00f3 2019 de l&#039;EUHT StPOL, en qu\u00e8 s&#039;entregaran els diplomes als graduats.\" \/>\n<meta property=\"og:url\" content=\"https:\/\/www.santpol.edu.es\/ca\/blog\/xef-carme-ruscalleda-convidada-acte-graduacio-euht-stpol\/\" \/>\n<meta property=\"og:site_name\" content=\"EUHT StPOL\" \/>\n<meta property=\"article:publisher\" content=\"https:\/\/www.facebook.com\/EUHTStPOL\" \/>\n<meta property=\"article:published_time\" content=\"2019-12-11T11:18:15+00:00\" \/>\n<meta property=\"article:modified_time\" content=\"2022-05-31T10:55:49+00:00\" \/>\n<meta property=\"og:image\" content=\"https:\/\/www.santpol.edu.es\/wp-content\/uploads\/2019\/12\/Carme-Ruscalleda_euhtstpol.jpg\" \/>\n\t<meta property=\"og:image:width\" content=\"960\" \/>\n\t<meta property=\"og:image:height\" content=\"750\" \/>\n\t<meta property=\"og:image:type\" content=\"image\/jpeg\" \/>\n<meta name=\"author\" content=\"administrador\" \/>\n<meta name=\"twitter:card\" content=\"summary_large_image\" \/>\n<meta name=\"twitter:creator\" content=\"@euhtstpol\" \/>\n<meta name=\"twitter:site\" content=\"@euhtstpol\" \/>\n<meta name=\"twitter:label1\" content=\"Escrit per\" \/>\n\t<meta name=\"twitter:data1\" content=\"administrador\" \/>\n\t<meta name=\"twitter:label2\" content=\"Temps estimat de lectura\" \/>\n\t<meta name=\"twitter:data2\" content=\"2 minuts\" \/>\n<script type=\"application\/ld+json\" class=\"yoast-schema-graph\">{\"@context\":\"https:\/\/schema.org\",\"@graph\":[{\"@type\":\"Article\",\"@id\":\"https:\/\/www.santpol.edu.es\/ca\/blog\/xef-carme-ruscalleda-convidada-acte-graduacio-euht-stpol\/#article\",\"isPartOf\":{\"@id\":\"https:\/\/www.santpol.edu.es\/ca\/blog\/xef-carme-ruscalleda-convidada-acte-graduacio-euht-stpol\/\"},\"author\":{\"name\":\"administrador\",\"@id\":\"https:\/\/www.santpol.edu.es\/#\/schema\/person\/8d0caa258341c2a053f784650ff61a84\"},\"headline\":\"La xef Carme Ruscalleda, convidada d\u2019honor a l\u2019Acte de Graduaci\u00f3 2019 de l\u2019EUHT StPOL\",\"datePublished\":\"2019-12-11T11:18:15+00:00\",\"dateModified\":\"2022-05-31T10:55:49+00:00\",\"mainEntityOfPage\":{\"@id\":\"https:\/\/www.santpol.edu.es\/ca\/blog\/xef-carme-ruscalleda-convidada-acte-graduacio-euht-stpol\/\"},\"wordCount\":333,\"publisher\":{\"@id\":\"https:\/\/www.santpol.edu.es\/#organization\"},\"image\":{\"@id\":\"https:\/\/www.santpol.edu.es\/ca\/blog\/xef-carme-ruscalleda-convidada-acte-graduacio-euht-stpol\/#primaryimage\"},\"thumbnailUrl\":\"https:\/\/www.santpol.edu.es\/wp-content\/uploads\/2019\/12\/Carme-Ruscalleda_euhtstpol.jpg\",\"keywords\":[\"acte graduaci\u00f3\",\"Carme Ruscalleda\",\"EUHT StPOL\",\"graduaci\u00f3\",\"xef\"],\"articleSection\":[\"activitat\",\"esdeveniments\",\"News Home|Notices|Noticias EUHT StPOL\",\"News Home|Noticias EUHT StPOL\",\"not\u00edcies EUHT StPOL\",\"not\u00edcies home\"],\"inLanguage\":\"ca\"},{\"@type\":\"WebPage\",\"@id\":\"https:\/\/www.santpol.edu.es\/ca\/blog\/xef-carme-ruscalleda-convidada-acte-graduacio-euht-stpol\/\",\"url\":\"https:\/\/www.santpol.edu.es\/ca\/blog\/xef-carme-ruscalleda-convidada-acte-graduacio-euht-stpol\/\",\"name\":\"La xef Carme Ruscalleda, convidada d\u2019honor a l\u2019Acte de Graduaci\u00f3 2019 de l\u2019EUHT StPOL\",\"isPartOf\":{\"@id\":\"https:\/\/www.santpol.edu.es\/#website\"},\"primaryImageOfPage\":{\"@id\":\"https:\/\/www.santpol.edu.es\/ca\/blog\/xef-carme-ruscalleda-convidada-acte-graduacio-euht-stpol\/#primaryimage\"},\"image\":{\"@id\":\"https:\/\/www.santpol.edu.es\/ca\/blog\/xef-carme-ruscalleda-convidada-acte-graduacio-euht-stpol\/#primaryimage\"},\"thumbnailUrl\":\"https:\/\/www.santpol.edu.es\/wp-content\/uploads\/2019\/12\/Carme-Ruscalleda_euhtstpol.jpg\",\"datePublished\":\"2019-12-11T11:18:15+00:00\",\"dateModified\":\"2022-05-31T10:55:49+00:00\",\"description\":\"La xef Carme Ruscalleda dictar\u00e0 la lli\u00e7\u00f3 magistral de l'Acte de Graduaci\u00f3 2019 de l'EUHT StPOL, en qu\u00e8 s'entregaran els diplomes als graduats.\",\"inLanguage\":\"ca\",\"potentialAction\":[{\"@type\":\"ReadAction\",\"target\":[\"https:\/\/www.santpol.edu.es\/ca\/blog\/xef-carme-ruscalleda-convidada-acte-graduacio-euht-stpol\/\"]}]},{\"@type\":\"ImageObject\",\"inLanguage\":\"ca\",\"@id\":\"https:\/\/www.santpol.edu.es\/ca\/blog\/xef-carme-ruscalleda-convidada-acte-graduacio-euht-stpol\/#primaryimage\",\"url\":\"https:\/\/www.santpol.edu.es\/wp-content\/uploads\/2019\/12\/Carme-Ruscalleda_euhtstpol.jpg\",\"contentUrl\":\"https:\/\/www.santpol.edu.es\/wp-content\/uploads\/2019\/12\/Carme-Ruscalleda_euhtstpol.jpg\",\"width\":960,\"height\":750,\"caption\":\"Carme Ruscalleda\"},{\"@type\":\"WebSite\",\"@id\":\"https:\/\/www.santpol.edu.es\/#website\",\"url\":\"https:\/\/www.santpol.edu.es\/\",\"name\":\"EUHT StPOL\",\"description\":\"Escuela Universitaria de Hoteler\u00eda y Turismo\",\"publisher\":{\"@id\":\"https:\/\/www.santpol.edu.es\/#organization\"},\"potentialAction\":[{\"@type\":\"SearchAction\",\"target\":{\"@type\":\"EntryPoint\",\"urlTemplate\":\"https:\/\/www.santpol.edu.es\/?s={search_term_string}\"},\"query-input\":{\"@type\":\"PropertyValueSpecification\",\"valueRequired\":true,\"valueName\":\"search_term_string\"}}],\"inLanguage\":\"ca\"},{\"@type\":\"Organization\",\"@id\":\"https:\/\/www.santpol.edu.es\/#organization\",\"name\":\"EUHT StPOL\",\"url\":\"https:\/\/www.santpol.edu.es\/\",\"logo\":{\"@type\":\"ImageObject\",\"inLanguage\":\"ca\",\"@id\":\"https:\/\/www.santpol.edu.es\/#\/schema\/logo\/image\/\",\"url\":\"https:\/\/santpol.edu.es\/wp-content\/uploads\/2019\/09\/logoweb-santpol.jpg\",\"contentUrl\":\"https:\/\/santpol.edu.es\/wp-content\/uploads\/2019\/09\/logoweb-santpol.jpg\",\"width\":324,\"height\":81,\"caption\":\"EUHT StPOL\"},\"image\":{\"@id\":\"https:\/\/www.santpol.edu.es\/#\/schema\/logo\/image\/\"},\"sameAs\":[\"https:\/\/www.facebook.com\/EUHTStPOL\",\"https:\/\/x.com\/euhtstpol\",\"https:\/\/www.instagram.com\/euhtstpol\/\",\"https:\/\/www.linkedin.com\/school\/euhtstpol-barcelona\/mycompany\/\",\"https:\/\/es.pinterest.com\/euhtstpol\/\",\"https:\/\/www.youtube.com\/user\/EUHTStPOL1\"]},{\"@type\":\"Person\",\"@id\":\"https:\/\/www.santpol.edu.es\/#\/schema\/person\/8d0caa258341c2a053f784650ff61a84\",\"name\":\"administrador\",\"image\":{\"@type\":\"ImageObject\",\"inLanguage\":\"ca\",\"@id\":\"https:\/\/www.santpol.edu.es\/#\/schema\/person\/image\/\",\"url\":\"https:\/\/www.santpol.edu.es\/wp-content\/litespeed\/avatar\/3e48ceb013e3dcc49deda32e2b823a70.jpg?ver=1777377023\",\"contentUrl\":\"https:\/\/www.santpol.edu.es\/wp-content\/litespeed\/avatar\/3e48ceb013e3dcc49deda32e2b823a70.jpg?ver=1777377023\",\"caption\":\"administrador\"}}]}<\/script>\n<!-- \/ Yoast SEO plugin. -->","yoast_head_json":{"title":"La xef Carme Ruscalleda, convidada d\u2019honor a l\u2019Acte de Graduaci\u00f3 2019 de l\u2019EUHT StPOL","description":"La xef Carme Ruscalleda dictar\u00e0 la lli\u00e7\u00f3 magistral de l'Acte de Graduaci\u00f3 2019 de l'EUHT StPOL, en qu\u00e8 s'entregaran els diplomes als graduats.","robots":{"index":"index","follow":"follow","max-snippet":"max-snippet:-1","max-image-preview":"max-image-preview:large","max-video-preview":"max-video-preview:-1"},"canonical":"https:\/\/www.santpol.edu.es\/ca\/blog\/xef-carme-ruscalleda-convidada-acte-graduacio-euht-stpol\/","og_locale":"ca_ES","og_type":"article","og_title":"La xef Carme Ruscalleda, convidada d\u2019honor a l\u2019Acte de Graduaci\u00f3 2019 de l\u2019EUHT StPOL","og_description":"La xef Carme Ruscalleda dictar\u00e0 la lli\u00e7\u00f3 magistral de l'Acte de Graduaci\u00f3 2019 de l'EUHT StPOL, en qu\u00e8 s'entregaran els diplomes als graduats.","og_url":"https:\/\/www.santpol.edu.es\/ca\/blog\/xef-carme-ruscalleda-convidada-acte-graduacio-euht-stpol\/","og_site_name":"EUHT StPOL","article_publisher":"https:\/\/www.facebook.com\/EUHTStPOL","article_published_time":"2019-12-11T11:18:15+00:00","article_modified_time":"2022-05-31T10:55:49+00:00","og_image":[{"width":960,"height":750,"url":"https:\/\/www.santpol.edu.es\/wp-content\/uploads\/2019\/12\/Carme-Ruscalleda_euhtstpol.jpg","type":"image\/jpeg"}],"author":"administrador","twitter_card":"summary_large_image","twitter_creator":"@euhtstpol","twitter_site":"@euhtstpol","twitter_misc":{"Escrit per":"administrador","Temps estimat de lectura":"2 minuts"},"schema":{"@context":"https:\/\/schema.org","@graph":[{"@type":"Article","@id":"https:\/\/www.santpol.edu.es\/ca\/blog\/xef-carme-ruscalleda-convidada-acte-graduacio-euht-stpol\/#article","isPartOf":{"@id":"https:\/\/www.santpol.edu.es\/ca\/blog\/xef-carme-ruscalleda-convidada-acte-graduacio-euht-stpol\/"},"author":{"name":"administrador","@id":"https:\/\/www.santpol.edu.es\/#\/schema\/person\/8d0caa258341c2a053f784650ff61a84"},"headline":"La xef Carme Ruscalleda, convidada d\u2019honor a l\u2019Acte de Graduaci\u00f3 2019 de l\u2019EUHT StPOL","datePublished":"2019-12-11T11:18:15+00:00","dateModified":"2022-05-31T10:55:49+00:00","mainEntityOfPage":{"@id":"https:\/\/www.santpol.edu.es\/ca\/blog\/xef-carme-ruscalleda-convidada-acte-graduacio-euht-stpol\/"},"wordCount":333,"publisher":{"@id":"https:\/\/www.santpol.edu.es\/#organization"},"image":{"@id":"https:\/\/www.santpol.edu.es\/ca\/blog\/xef-carme-ruscalleda-convidada-acte-graduacio-euht-stpol\/#primaryimage"},"thumbnailUrl":"https:\/\/www.santpol.edu.es\/wp-content\/uploads\/2019\/12\/Carme-Ruscalleda_euhtstpol.jpg","keywords":["acte graduaci\u00f3","Carme Ruscalleda","EUHT StPOL","graduaci\u00f3","xef"],"articleSection":["activitat","esdeveniments","News Home|Notices|Noticias EUHT StPOL","News Home|Noticias EUHT StPOL","not\u00edcies EUHT StPOL","not\u00edcies home"],"inLanguage":"ca"},{"@type":"WebPage","@id":"https:\/\/www.santpol.edu.es\/ca\/blog\/xef-carme-ruscalleda-convidada-acte-graduacio-euht-stpol\/","url":"https:\/\/www.santpol.edu.es\/ca\/blog\/xef-carme-ruscalleda-convidada-acte-graduacio-euht-stpol\/","name":"La xef Carme Ruscalleda, convidada d\u2019honor a l\u2019Acte de Graduaci\u00f3 2019 de l\u2019EUHT StPOL","isPartOf":{"@id":"https:\/\/www.santpol.edu.es\/#website"},"primaryImageOfPage":{"@id":"https:\/\/www.santpol.edu.es\/ca\/blog\/xef-carme-ruscalleda-convidada-acte-graduacio-euht-stpol\/#primaryimage"},"image":{"@id":"https:\/\/www.santpol.edu.es\/ca\/blog\/xef-carme-ruscalleda-convidada-acte-graduacio-euht-stpol\/#primaryimage"},"thumbnailUrl":"https:\/\/www.santpol.edu.es\/wp-content\/uploads\/2019\/12\/Carme-Ruscalleda_euhtstpol.jpg","datePublished":"2019-12-11T11:18:15+00:00","dateModified":"2022-05-31T10:55:49+00:00","description":"La xef Carme Ruscalleda dictar\u00e0 la lli\u00e7\u00f3 magistral de l'Acte de Graduaci\u00f3 2019 de l'EUHT StPOL, en qu\u00e8 s'entregaran els diplomes als graduats.","inLanguage":"ca","potentialAction":[{"@type":"ReadAction","target":["https:\/\/www.santpol.edu.es\/ca\/blog\/xef-carme-ruscalleda-convidada-acte-graduacio-euht-stpol\/"]}]},{"@type":"ImageObject","inLanguage":"ca","@id":"https:\/\/www.santpol.edu.es\/ca\/blog\/xef-carme-ruscalleda-convidada-acte-graduacio-euht-stpol\/#primaryimage","url":"https:\/\/www.santpol.edu.es\/wp-content\/uploads\/2019\/12\/Carme-Ruscalleda_euhtstpol.jpg","contentUrl":"https:\/\/www.santpol.edu.es\/wp-content\/uploads\/2019\/12\/Carme-Ruscalleda_euhtstpol.jpg","width":960,"height":750,"caption":"Carme Ruscalleda"},{"@type":"WebSite","@id":"https:\/\/www.santpol.edu.es\/#website","url":"https:\/\/www.santpol.edu.es\/","name":"EUHT StPOL","description":"Escuela Universitaria de Hoteler\u00eda y Turismo","publisher":{"@id":"https:\/\/www.santpol.edu.es\/#organization"},"potentialAction":[{"@type":"SearchAction","target":{"@type":"EntryPoint","urlTemplate":"https:\/\/www.santpol.edu.es\/?s={search_term_string}"},"query-input":{"@type":"PropertyValueSpecification","valueRequired":true,"valueName":"search_term_string"}}],"inLanguage":"ca"},{"@type":"Organization","@id":"https:\/\/www.santpol.edu.es\/#organization","name":"EUHT StPOL","url":"https:\/\/www.santpol.edu.es\/","logo":{"@type":"ImageObject","inLanguage":"ca","@id":"https:\/\/www.santpol.edu.es\/#\/schema\/logo\/image\/","url":"https:\/\/santpol.edu.es\/wp-content\/uploads\/2019\/09\/logoweb-santpol.jpg","contentUrl":"https:\/\/santpol.edu.es\/wp-content\/uploads\/2019\/09\/logoweb-santpol.jpg","width":324,"height":81,"caption":"EUHT StPOL"},"image":{"@id":"https:\/\/www.santpol.edu.es\/#\/schema\/logo\/image\/"},"sameAs":["https:\/\/www.facebook.com\/EUHTStPOL","https:\/\/x.com\/euhtstpol","https:\/\/www.instagram.com\/euhtstpol\/","https:\/\/www.linkedin.com\/school\/euhtstpol-barcelona\/mycompany\/","https:\/\/es.pinterest.com\/euhtstpol\/","https:\/\/www.youtube.com\/user\/EUHTStPOL1"]},{"@type":"Person","@id":"https:\/\/www.santpol.edu.es\/#\/schema\/person\/8d0caa258341c2a053f784650ff61a84","name":"administrador","image":{"@type":"ImageObject","inLanguage":"ca","@id":"https:\/\/www.santpol.edu.es\/#\/schema\/person\/image\/","url":"https:\/\/www.santpol.edu.es\/wp-content\/litespeed\/avatar\/3e48ceb013e3dcc49deda32e2b823a70.jpg?ver=1777377023","contentUrl":"https:\/\/www.santpol.edu.es\/wp-content\/litespeed\/avatar\/3e48ceb013e3dcc49deda32e2b823a70.jpg?ver=1777377023","caption":"administrador"}}]}},"_links":{"self":[{"href":"https:\/\/www.santpol.edu.es\/ca\/wp-json\/wp\/v2\/posts\/43381","targetHints":{"allow":["GET"]}}],"collection":[{"href":"https:\/\/www.santpol.edu.es\/ca\/wp-json\/wp\/v2\/posts"}],"about":[{"href":"https:\/\/www.santpol.edu.es\/ca\/wp-json\/wp\/v2\/types\/post"}],"author":[{"embeddable":true,"href":"https:\/\/www.santpol.edu.es\/ca\/wp-json\/wp\/v2\/users\/1"}],"replies":[{"embeddable":true,"href":"https:\/\/www.santpol.edu.es\/ca\/wp-json\/wp\/v2\/comments?post=43381"}],"version-history":[{"count":0,"href":"https:\/\/www.santpol.edu.es\/ca\/wp-json\/wp\/v2\/posts\/43381\/revisions"}],"wp:featuredmedia":[{"embeddable":true,"href":"https:\/\/www.santpol.edu.es\/ca\/wp-json\/wp\/v2\/media\/43384"}],"wp:attachment":[{"href":"https:\/\/www.santpol.edu.es\/ca\/wp-json\/wp\/v2\/media?parent=43381"}],"wp:term":[{"taxonomy":"category","embeddable":true,"href":"https:\/\/www.santpol.edu.es\/ca\/wp-json\/wp\/v2\/categories?post=43381"},{"taxonomy":"post_tag","embeddable":true,"href":"https:\/\/www.santpol.edu.es\/ca\/wp-json\/wp\/v2\/tags?post=43381"}],"curies":[{"name":"wp","href":"https:\/\/api.w.org\/{rel}","templated":true}]}}