{"id":49745,"date":"2014-03-10T00:00:00","date_gmt":"2014-03-09T23:00:00","guid":{"rendered":"https:\/\/www.santpol.edu.es\/paco-perez-sera-el-xef-convidat-del-xxviii-concurs-de-cuina-jove-de-catalunya\/"},"modified":"2014-03-10T00:00:00","modified_gmt":"2014-03-09T23:00:00","slug":"paco-perez-sera-el-xef-convidat-del-xxviii-concurs-de-cuina-jove-de-catalunya","status":"publish","type":"post","link":"https:\/\/www.santpol.edu.es\/ca\/blog\/paco-perez-sera-el-xef-convidat-del-xxviii-concurs-de-cuina-jove-de-catalunya\/","title":{"rendered":"Paco P\u00e9rez ser\u00e0 el Xef convidat del XXVIII CONCURS DE CUINA JOVE DE CATALUNYA"},"content":{"rendered":"<div>Tenim el plaer de comunicar que Paco P\u00e9rez (5 estrelles Michelin), Xef del Restaurant Miramar de Llanc\u00e0 (2 estrelles Michelin), director de l&#8217;ENOTECA de l&#8217;Hotel Arts (2 estrelles Michelin), del 5 by Paco P\u00e9rez a Barl\u00edn (1 estrella Michelin), ser\u00e0 el Xef convidat per la <strong>XXXV JORNADA UNIVERSIT\u00c0RIA DE GASTRONOMIA,<\/strong> dins la que es troba el <strong>XXVIII CONCURS DE CUINA JOVE DE CATALUNYA<\/strong> que anualment organitza EUHT StPOL.<\/div>\n<p>En la present edici\u00f3, que<strong> es celebrar\u00e0 el 30 d&#8217;Abril<\/strong>, la tem\u00e0tica escollida \u00e9s <strong>&#8220;La cuina del vinagre&#8221;<\/strong>.<\/p>\n<p>&nbsp;<\/p>\n<div>En breu es presentar\u00e0n les bases del concurs per a tots els menors de 25 anys que vulguin presentar-se.<\/div>\n<p>Salutacions cordials,<\/p>\n","protected":false},"excerpt":{"rendered":"<p>Tenim el plaer de comunicar que Paco P\u00e9rez (5 estrelles Michelin), Xef del Restaurant Miramar de Llanc\u00e0 (2 estrelles Michelin), director de l&#8217;ENOTECA de l&#8217;Hotel Arts<span class=\"excerpt-hellip\"> [\u2026]<\/span><\/p>\n","protected":false},"author":1,"featured_media":11586,"comment_status":"closed","ping_status":"closed","sticky":false,"template":"","format":"standard","meta":{"footnotes":""},"categories":[1934,3696],"tags":[2656,2513,3041,3042,3043,3044,2105,2569,3045,3046,3047,3048,3049,3050,2645,2090],"class_list":["post-49745","post","type-post","status-publish","format-standard","has-post-thumbnail","hentry","category-noticias-euht-stpol","category-noticies","tag-hotel-escuela","tag-hoteleria","tag-internship","tag-porter","tag-raw-food","tag-receptionist","tag-restauracion","tag-sant-pol","tag-servicio-de-comida","tag-slow-food","tag-sommelier","tag-souff-chef","tag-sprunch","tag-staff","tag-street-food","tag-turismo"],"yoast_head":"<!-- This site is optimized with the Yoast SEO plugin v25.8 - https:\/\/yoast.com\/wordpress\/plugins\/seo\/ -->\n<title>Paco P\u00e9rez ser\u00e0 el Xef convidat del XXVIII CONCURS DE CUINA JOVE DE CATALUNYA - EUHT StPOL<\/title>\n<meta name=\"robots\" content=\"index, follow, max-snippet:-1, max-image-preview:large, max-video-preview:-1\" \/>\n<link rel=\"canonical\" href=\"https:\/\/www.santpol.edu.es\/ca\/blog\/paco-perez-sera-el-xef-convidat-del-xxviii-concurs-de-cuina-jove-de-catalunya\/\" \/>\n<meta property=\"og:locale\" content=\"ca_ES\" \/>\n<meta property=\"og:type\" content=\"article\" \/>\n<meta property=\"og:title\" content=\"Paco P\u00e9rez ser\u00e0 el Xef convidat del XXVIII CONCURS DE CUINA JOVE DE CATALUNYA - EUHT StPOL\" \/>\n<meta property=\"og:description\" content=\"Tenim el plaer de comunicar que Paco P\u00e9rez (5 estrelles Michelin), Xef del Restaurant Miramar de Llanc\u00e0 (2 estrelles Michelin), director de l&#8217;ENOTECA de l&#8217;Hotel Arts [\u2026]\" \/>\n<meta property=\"og:url\" content=\"https:\/\/www.santpol.edu.es\/ca\/blog\/paco-perez-sera-el-xef-convidat-del-xxviii-concurs-de-cuina-jove-de-catalunya\/\" \/>\n<meta property=\"og:site_name\" content=\"EUHT StPOL\" \/>\n<meta property=\"article:publisher\" content=\"https:\/\/www.facebook.com\/EUHTStPOL\" \/>\n<meta property=\"article:published_time\" content=\"2014-03-09T23:00:00+00:00\" \/>\n<meta property=\"og:image\" content=\"https:\/\/www.santpol.edu.es\/wp-content\/uploads\/2019\/11\/chef-paco-perez.jpg\" \/>\n\t<meta property=\"og:image:width\" content=\"240\" \/>\n\t<meta property=\"og:image:height\" content=\"180\" \/>\n\t<meta property=\"og:image:type\" content=\"image\/jpeg\" \/>\n<meta name=\"author\" content=\"administrador\" \/>\n<meta name=\"twitter:card\" content=\"summary_large_image\" \/>\n<meta name=\"twitter:creator\" content=\"@euhtstpol\" \/>\n<meta name=\"twitter:site\" content=\"@euhtstpol\" \/>\n<meta name=\"twitter:label1\" content=\"Escrit per\" \/>\n\t<meta name=\"twitter:data1\" content=\"administrador\" \/>\n\t<meta name=\"twitter:label2\" content=\"Temps estimat de lectura\" \/>\n\t<meta name=\"twitter:data2\" content=\"1 minut\" \/>\n<script type=\"application\/ld+json\" class=\"yoast-schema-graph\">{\"@context\":\"https:\/\/schema.org\",\"@graph\":[{\"@type\":\"Article\",\"@id\":\"https:\/\/www.santpol.edu.es\/ca\/blog\/paco-perez-sera-el-xef-convidat-del-xxviii-concurs-de-cuina-jove-de-catalunya\/#article\",\"isPartOf\":{\"@id\":\"https:\/\/www.santpol.edu.es\/ca\/blog\/paco-perez-sera-el-xef-convidat-del-xxviii-concurs-de-cuina-jove-de-catalunya\/\"},\"author\":{\"name\":\"administrador\",\"@id\":\"https:\/\/www.santpol.edu.es\/#\/schema\/person\/8d0caa258341c2a053f784650ff61a84\"},\"headline\":\"Paco P\u00e9rez ser\u00e0 el Xef convidat del XXVIII CONCURS DE CUINA JOVE DE CATALUNYA\",\"datePublished\":\"2014-03-09T23:00:00+00:00\",\"mainEntityOfPage\":{\"@id\":\"https:\/\/www.santpol.edu.es\/ca\/blog\/paco-perez-sera-el-xef-convidat-del-xxviii-concurs-de-cuina-jove-de-catalunya\/\"},\"wordCount\":125,\"publisher\":{\"@id\":\"https:\/\/www.santpol.edu.es\/#organization\"},\"image\":{\"@id\":\"https:\/\/www.santpol.edu.es\/ca\/blog\/paco-perez-sera-el-xef-convidat-del-xxviii-concurs-de-cuina-jove-de-catalunya\/#primaryimage\"},\"thumbnailUrl\":\"https:\/\/www.santpol.edu.es\/wp-content\/uploads\/2019\/11\/chef-paco-perez.jpg\",\"keywords\":[\"hotel-escuela\",\"hoteler\u00eda\",\"internship\",\"Porter\",\"raw food\",\"Receptionist\",\"restauraci\u00f3n\",\"sant pol\",\"Servicio de Comida\",\"slow food\",\"Sommelier\",\"Souff Chef\",\"sprunch\",\"Staff\",\"street food\",\"Tur\u00edsmo\"],\"articleSection\":[\"noticias EUHT StPOL\",\"Not\u00edcies\"],\"inLanguage\":\"ca\"},{\"@type\":\"WebPage\",\"@id\":\"https:\/\/www.santpol.edu.es\/ca\/blog\/paco-perez-sera-el-xef-convidat-del-xxviii-concurs-de-cuina-jove-de-catalunya\/\",\"url\":\"https:\/\/www.santpol.edu.es\/ca\/blog\/paco-perez-sera-el-xef-convidat-del-xxviii-concurs-de-cuina-jove-de-catalunya\/\",\"name\":\"Paco P\u00e9rez ser\u00e0 el Xef convidat del XXVIII CONCURS DE CUINA JOVE DE CATALUNYA - EUHT StPOL\",\"isPartOf\":{\"@id\":\"https:\/\/www.santpol.edu.es\/#website\"},\"primaryImageOfPage\":{\"@id\":\"https:\/\/www.santpol.edu.es\/ca\/blog\/paco-perez-sera-el-xef-convidat-del-xxviii-concurs-de-cuina-jove-de-catalunya\/#primaryimage\"},\"image\":{\"@id\":\"https:\/\/www.santpol.edu.es\/ca\/blog\/paco-perez-sera-el-xef-convidat-del-xxviii-concurs-de-cuina-jove-de-catalunya\/#primaryimage\"},\"thumbnailUrl\":\"https:\/\/www.santpol.edu.es\/wp-content\/uploads\/2019\/11\/chef-paco-perez.jpg\",\"datePublished\":\"2014-03-09T23:00:00+00:00\",\"inLanguage\":\"ca\",\"potentialAction\":[{\"@type\":\"ReadAction\",\"target\":[\"https:\/\/www.santpol.edu.es\/ca\/blog\/paco-perez-sera-el-xef-convidat-del-xxviii-concurs-de-cuina-jove-de-catalunya\/\"]}]},{\"@type\":\"ImageObject\",\"inLanguage\":\"ca\",\"@id\":\"https:\/\/www.santpol.edu.es\/ca\/blog\/paco-perez-sera-el-xef-convidat-del-xxviii-concurs-de-cuina-jove-de-catalunya\/#primaryimage\",\"url\":\"https:\/\/www.santpol.edu.es\/wp-content\/uploads\/2019\/11\/chef-paco-perez.jpg\",\"contentUrl\":\"https:\/\/www.santpol.edu.es\/wp-content\/uploads\/2019\/11\/chef-paco-perez.jpg\",\"width\":240,\"height\":180},{\"@type\":\"WebSite\",\"@id\":\"https:\/\/www.santpol.edu.es\/#website\",\"url\":\"https:\/\/www.santpol.edu.es\/\",\"name\":\"EUHT StPOL\",\"description\":\"Escuela Universitaria de Hoteler\u00eda y Turismo\",\"publisher\":{\"@id\":\"https:\/\/www.santpol.edu.es\/#organization\"},\"potentialAction\":[{\"@type\":\"SearchAction\",\"target\":{\"@type\":\"EntryPoint\",\"urlTemplate\":\"https:\/\/www.santpol.edu.es\/?s={search_term_string}\"},\"query-input\":{\"@type\":\"PropertyValueSpecification\",\"valueRequired\":true,\"valueName\":\"search_term_string\"}}],\"inLanguage\":\"ca\"},{\"@type\":\"Organization\",\"@id\":\"https:\/\/www.santpol.edu.es\/#organization\",\"name\":\"EUHT StPOL\",\"url\":\"https:\/\/www.santpol.edu.es\/\",\"logo\":{\"@type\":\"ImageObject\",\"inLanguage\":\"ca\",\"@id\":\"https:\/\/www.santpol.edu.es\/#\/schema\/logo\/image\/\",\"url\":\"https:\/\/santpol.edu.es\/wp-content\/uploads\/2019\/09\/logoweb-santpol.jpg\",\"contentUrl\":\"https:\/\/santpol.edu.es\/wp-content\/uploads\/2019\/09\/logoweb-santpol.jpg\",\"width\":324,\"height\":81,\"caption\":\"EUHT StPOL\"},\"image\":{\"@id\":\"https:\/\/www.santpol.edu.es\/#\/schema\/logo\/image\/\"},\"sameAs\":[\"https:\/\/www.facebook.com\/EUHTStPOL\",\"https:\/\/x.com\/euhtstpol\",\"https:\/\/www.instagram.com\/euhtstpol\/\",\"https:\/\/www.linkedin.com\/school\/euhtstpol-barcelona\/mycompany\/\",\"https:\/\/es.pinterest.com\/euhtstpol\/\",\"https:\/\/www.youtube.com\/user\/EUHTStPOL1\"]},{\"@type\":\"Person\",\"@id\":\"https:\/\/www.santpol.edu.es\/#\/schema\/person\/8d0caa258341c2a053f784650ff61a84\",\"name\":\"administrador\",\"image\":{\"@type\":\"ImageObject\",\"inLanguage\":\"ca\",\"@id\":\"https:\/\/www.santpol.edu.es\/#\/schema\/person\/image\/\",\"url\":\"https:\/\/www.santpol.edu.es\/wp-content\/litespeed\/avatar\/3e48ceb013e3dcc49deda32e2b823a70.jpg?ver=1777377023\",\"contentUrl\":\"https:\/\/www.santpol.edu.es\/wp-content\/litespeed\/avatar\/3e48ceb013e3dcc49deda32e2b823a70.jpg?ver=1777377023\",\"caption\":\"administrador\"}}]}<\/script>\n<!-- \/ Yoast SEO plugin. -->","yoast_head_json":{"title":"Paco P\u00e9rez ser\u00e0 el Xef convidat del XXVIII CONCURS DE CUINA JOVE DE CATALUNYA - EUHT StPOL","robots":{"index":"index","follow":"follow","max-snippet":"max-snippet:-1","max-image-preview":"max-image-preview:large","max-video-preview":"max-video-preview:-1"},"canonical":"https:\/\/www.santpol.edu.es\/ca\/blog\/paco-perez-sera-el-xef-convidat-del-xxviii-concurs-de-cuina-jove-de-catalunya\/","og_locale":"ca_ES","og_type":"article","og_title":"Paco P\u00e9rez ser\u00e0 el Xef convidat del XXVIII CONCURS DE CUINA JOVE DE CATALUNYA - EUHT StPOL","og_description":"Tenim el plaer de comunicar que Paco P\u00e9rez (5 estrelles Michelin), Xef del Restaurant Miramar de Llanc\u00e0 (2 estrelles Michelin), director de l&#8217;ENOTECA de l&#8217;Hotel Arts [\u2026]","og_url":"https:\/\/www.santpol.edu.es\/ca\/blog\/paco-perez-sera-el-xef-convidat-del-xxviii-concurs-de-cuina-jove-de-catalunya\/","og_site_name":"EUHT StPOL","article_publisher":"https:\/\/www.facebook.com\/EUHTStPOL","article_published_time":"2014-03-09T23:00:00+00:00","og_image":[{"width":240,"height":180,"url":"https:\/\/www.santpol.edu.es\/wp-content\/uploads\/2019\/11\/chef-paco-perez.jpg","type":"image\/jpeg"}],"author":"administrador","twitter_card":"summary_large_image","twitter_creator":"@euhtstpol","twitter_site":"@euhtstpol","twitter_misc":{"Escrit per":"administrador","Temps estimat de lectura":"1 minut"},"schema":{"@context":"https:\/\/schema.org","@graph":[{"@type":"Article","@id":"https:\/\/www.santpol.edu.es\/ca\/blog\/paco-perez-sera-el-xef-convidat-del-xxviii-concurs-de-cuina-jove-de-catalunya\/#article","isPartOf":{"@id":"https:\/\/www.santpol.edu.es\/ca\/blog\/paco-perez-sera-el-xef-convidat-del-xxviii-concurs-de-cuina-jove-de-catalunya\/"},"author":{"name":"administrador","@id":"https:\/\/www.santpol.edu.es\/#\/schema\/person\/8d0caa258341c2a053f784650ff61a84"},"headline":"Paco P\u00e9rez ser\u00e0 el Xef convidat del XXVIII CONCURS DE CUINA JOVE DE CATALUNYA","datePublished":"2014-03-09T23:00:00+00:00","mainEntityOfPage":{"@id":"https:\/\/www.santpol.edu.es\/ca\/blog\/paco-perez-sera-el-xef-convidat-del-xxviii-concurs-de-cuina-jove-de-catalunya\/"},"wordCount":125,"publisher":{"@id":"https:\/\/www.santpol.edu.es\/#organization"},"image":{"@id":"https:\/\/www.santpol.edu.es\/ca\/blog\/paco-perez-sera-el-xef-convidat-del-xxviii-concurs-de-cuina-jove-de-catalunya\/#primaryimage"},"thumbnailUrl":"https:\/\/www.santpol.edu.es\/wp-content\/uploads\/2019\/11\/chef-paco-perez.jpg","keywords":["hotel-escuela","hoteler\u00eda","internship","Porter","raw food","Receptionist","restauraci\u00f3n","sant pol","Servicio de Comida","slow food","Sommelier","Souff Chef","sprunch","Staff","street food","Tur\u00edsmo"],"articleSection":["noticias EUHT StPOL","Not\u00edcies"],"inLanguage":"ca"},{"@type":"WebPage","@id":"https:\/\/www.santpol.edu.es\/ca\/blog\/paco-perez-sera-el-xef-convidat-del-xxviii-concurs-de-cuina-jove-de-catalunya\/","url":"https:\/\/www.santpol.edu.es\/ca\/blog\/paco-perez-sera-el-xef-convidat-del-xxviii-concurs-de-cuina-jove-de-catalunya\/","name":"Paco P\u00e9rez ser\u00e0 el Xef convidat del XXVIII CONCURS DE CUINA JOVE DE CATALUNYA - EUHT StPOL","isPartOf":{"@id":"https:\/\/www.santpol.edu.es\/#website"},"primaryImageOfPage":{"@id":"https:\/\/www.santpol.edu.es\/ca\/blog\/paco-perez-sera-el-xef-convidat-del-xxviii-concurs-de-cuina-jove-de-catalunya\/#primaryimage"},"image":{"@id":"https:\/\/www.santpol.edu.es\/ca\/blog\/paco-perez-sera-el-xef-convidat-del-xxviii-concurs-de-cuina-jove-de-catalunya\/#primaryimage"},"thumbnailUrl":"https:\/\/www.santpol.edu.es\/wp-content\/uploads\/2019\/11\/chef-paco-perez.jpg","datePublished":"2014-03-09T23:00:00+00:00","inLanguage":"ca","potentialAction":[{"@type":"ReadAction","target":["https:\/\/www.santpol.edu.es\/ca\/blog\/paco-perez-sera-el-xef-convidat-del-xxviii-concurs-de-cuina-jove-de-catalunya\/"]}]},{"@type":"ImageObject","inLanguage":"ca","@id":"https:\/\/www.santpol.edu.es\/ca\/blog\/paco-perez-sera-el-xef-convidat-del-xxviii-concurs-de-cuina-jove-de-catalunya\/#primaryimage","url":"https:\/\/www.santpol.edu.es\/wp-content\/uploads\/2019\/11\/chef-paco-perez.jpg","contentUrl":"https:\/\/www.santpol.edu.es\/wp-content\/uploads\/2019\/11\/chef-paco-perez.jpg","width":240,"height":180},{"@type":"WebSite","@id":"https:\/\/www.santpol.edu.es\/#website","url":"https:\/\/www.santpol.edu.es\/","name":"EUHT StPOL","description":"Escuela Universitaria de Hoteler\u00eda y Turismo","publisher":{"@id":"https:\/\/www.santpol.edu.es\/#organization"},"potentialAction":[{"@type":"SearchAction","target":{"@type":"EntryPoint","urlTemplate":"https:\/\/www.santpol.edu.es\/?s={search_term_string}"},"query-input":{"@type":"PropertyValueSpecification","valueRequired":true,"valueName":"search_term_string"}}],"inLanguage":"ca"},{"@type":"Organization","@id":"https:\/\/www.santpol.edu.es\/#organization","name":"EUHT StPOL","url":"https:\/\/www.santpol.edu.es\/","logo":{"@type":"ImageObject","inLanguage":"ca","@id":"https:\/\/www.santpol.edu.es\/#\/schema\/logo\/image\/","url":"https:\/\/santpol.edu.es\/wp-content\/uploads\/2019\/09\/logoweb-santpol.jpg","contentUrl":"https:\/\/santpol.edu.es\/wp-content\/uploads\/2019\/09\/logoweb-santpol.jpg","width":324,"height":81,"caption":"EUHT StPOL"},"image":{"@id":"https:\/\/www.santpol.edu.es\/#\/schema\/logo\/image\/"},"sameAs":["https:\/\/www.facebook.com\/EUHTStPOL","https:\/\/x.com\/euhtstpol","https:\/\/www.instagram.com\/euhtstpol\/","https:\/\/www.linkedin.com\/school\/euhtstpol-barcelona\/mycompany\/","https:\/\/es.pinterest.com\/euhtstpol\/","https:\/\/www.youtube.com\/user\/EUHTStPOL1"]},{"@type":"Person","@id":"https:\/\/www.santpol.edu.es\/#\/schema\/person\/8d0caa258341c2a053f784650ff61a84","name":"administrador","image":{"@type":"ImageObject","inLanguage":"ca","@id":"https:\/\/www.santpol.edu.es\/#\/schema\/person\/image\/","url":"https:\/\/www.santpol.edu.es\/wp-content\/litespeed\/avatar\/3e48ceb013e3dcc49deda32e2b823a70.jpg?ver=1777377023","contentUrl":"https:\/\/www.santpol.edu.es\/wp-content\/litespeed\/avatar\/3e48ceb013e3dcc49deda32e2b823a70.jpg?ver=1777377023","caption":"administrador"}}]}},"_links":{"self":[{"href":"https:\/\/www.santpol.edu.es\/ca\/wp-json\/wp\/v2\/posts\/49745","targetHints":{"allow":["GET"]}}],"collection":[{"href":"https:\/\/www.santpol.edu.es\/ca\/wp-json\/wp\/v2\/posts"}],"about":[{"href":"https:\/\/www.santpol.edu.es\/ca\/wp-json\/wp\/v2\/types\/post"}],"author":[{"embeddable":true,"href":"https:\/\/www.santpol.edu.es\/ca\/wp-json\/wp\/v2\/users\/1"}],"replies":[{"embeddable":true,"href":"https:\/\/www.santpol.edu.es\/ca\/wp-json\/wp\/v2\/comments?post=49745"}],"version-history":[{"count":0,"href":"https:\/\/www.santpol.edu.es\/ca\/wp-json\/wp\/v2\/posts\/49745\/revisions"}],"wp:featuredmedia":[{"embeddable":true,"href":"https:\/\/www.santpol.edu.es\/ca\/wp-json\/wp\/v2\/media\/11586"}],"wp:attachment":[{"href":"https:\/\/www.santpol.edu.es\/ca\/wp-json\/wp\/v2\/media?parent=49745"}],"wp:term":[{"taxonomy":"category","embeddable":true,"href":"https:\/\/www.santpol.edu.es\/ca\/wp-json\/wp\/v2\/categories?post=49745"},{"taxonomy":"post_tag","embeddable":true,"href":"https:\/\/www.santpol.edu.es\/ca\/wp-json\/wp\/v2\/tags?post=49745"}],"curies":[{"name":"wp","href":"https:\/\/api.w.org\/{rel}","templated":true}]}}