{"id":49825,"date":"2013-05-13T00:00:00","date_gmt":"2013-05-12T22:00:00","guid":{"rendered":"https:\/\/www.santpol.edu.es\/carlota-mateos-codirectora-de-rusticae-es-sempre-agraeixes-un-premi-pero-amb-aquesta-conjuntura-molt-mes\/"},"modified":"2013-05-13T00:00:00","modified_gmt":"2013-05-12T22:00:00","slug":"carlota-mateos-codirectora-de-rusticae-es-sempre-agraeixes-un-premi-pero-amb-aquesta-conjuntura-molt-mes","status":"publish","type":"post","link":"https:\/\/www.santpol.edu.es\/ca\/blog\/carlota-mateos-codirectora-de-rusticae-es-sempre-agraeixes-un-premi-pero-amb-aquesta-conjuntura-molt-mes\/","title":{"rendered":"Carlota Mateos (Codirectora de Rusticae.es): Sempre agraeixes un premi, per\u00f2 amb aquesta conjuntura molt m\u00e9s"},"content":{"rendered":"<p><strong>Carlota Mateos, codirectora de Rusticae.es, va visitar EUHT StPOL per rebre la &#8220;Placa EUHT StPOL al lideratge tur\u00edstic 2013&#8221; en el marc de la Jornada de Lideratge i Formaci\u00f3 i va contestar a les nostres preguntes sobre la seva experi\u00e8ncia professional dins del sector tur\u00edsitc i el futur de Rusticae.es.<\/strong><\/p>\n<p><strong>Primer de tot, enhorabona pel premi. Qu\u00e8 significa per a vosaltres rebre aquest reconeixement?<\/strong><\/p>\n<p>Fonamentalment \u00e9s una pilota d&#8217;oxigen en un moment complicad\u00edssim, on tots estem intentat treure el millor de nosaltres per sobreviure aquesta conjuntura. A m\u00e9s, rebre-ho dels futurs professionals del sector \u00e9s molt emocionant\u2026 Sempre agraeixes un premi, per\u00f2 amb aquesta conjuntura molt m\u00e9s.<br \/>\n<strong>Expliqui&#8217;ns\u2026 On i com neix Rusticae.es?<\/strong><\/p>\n<p>Rusticae neix el 1996, despr\u00e9s que la Isabel i jo port\u00e9ssim un hotel amb encant a Ast\u00faries que pertanyia a la meva fam\u00edlia. All\u00e0 vam veure que hi havia una necessitat dins del sector dels hotels petits que ning\u00fa estava cobrint i que, fonamentalment, consistia en la necessitat d&#8217;aquests hotels de ser seleccionats i agrupats en un grup amb els mateixos est\u00e0ndards de qualitat. I d&#8217;altra banda, la necessitat de comptar amb una plataforma de serveis de comercialitzaci\u00f3 i comunicaci\u00f3, que els permetessis tenir una pres\u00e8ncia en el sector eficient i amb molt pocs recursos.<br \/>\n<strong>Qu\u00e8 pret\u00e9n Rusticae.es? Explica&#8217;ns b\u00e9 el projecte!<\/strong><\/p>\n<p>Ara estem protagonitzant un viratge molt profund i intentant passar de ser una empresa del segle 20 a una del segle 21. Aix\u00f2 implica una forta inversi\u00f3 en tecnologia, en intel\u00b7lig\u00e8ncia de client, en establiment d&#8217;aliances estrat\u00e8giques amb grans empreses tecnol\u00f2giques internacionals (booking.com, Tripadvisor, Microsoft\u2026) i finalment, i 4 pilar d&#8217;aquest canvi, la internacionalitzaci\u00f3.<\/p>\n<p>Acabem d&#8217;obrir oficina a Xile per gestionar tot el desenvolupament del negoci a Am\u00e8rica, on focalitzarem la nostra pres\u00e8ncia als pa\u00efsos de l&#8217;Alian\u00e7a Atl\u00e0ntica (Xile, Per\u00fa, Col\u00f2mbia i M\u00e8xic). Aqu\u00ed \u00e9s on m\u00e9s esfor\u00e7 hi dedicarem. A m\u00e9s, estem ampliant la nostra pres\u00e8ncia a pa\u00efsos de l&#8217;Arc Mediterrani. Sense comptar amb aquesta ampliaci\u00f3, el nostre club compta avui amb 170 establiments a Espanya, el Marroc i Portugal. I com comentava, estem en plena captaci\u00f3. Probablement comptarem amb 200 hotels a Europa i uns 250 en Llatino Am\u00e8rica a finals de 2014.<\/p>\n<p>&nbsp;<\/p>\n<p><strong>Qu\u00e8 oferiu al vostre client? Qu\u00e8 creus que \u00e9s el que m\u00e9s valora?<\/strong><\/p>\n<p>El que m\u00e9s valora \u00e9s que Rusticae li ofereix la garantia a l&#8217;hora de trobar un establiment singular, petit i amb encant de gama alta. Aix\u00f2 \u00e9s la garantia, el que M\u00c9S VALORA. I no els podem fallar.<br \/>\n<strong>Quin perfil t\u00e9 el vostre client?<\/strong><\/p>\n<p>Com hem segmentat molt el tipus d&#8217;hotel que oferim, el nostre client tamb\u00e9 queda molt segmentat. B\u00e0sicament, parlem d&#8217;una persona amb un nivell sociocultural i econ\u00f2mic mitj\u00e0 &#8211; mitj\u00e0 alt, que aprecia molt les propostes aut\u00e8ntiques, que rescata propostes i ess\u00e8ncia del territori on va, que est\u00e0 interessat en la gastronomia, la cuina local, que busca desconnectar de la seva vida atrafegada de ciutat i que sol ser un <em>earlyadopter<\/em>. Busquen tend\u00e8ncies i les donen a con\u00e8ixer als seus cercles d&#8217;amistats\u2026 Aquest \u00e9s el tipus de client fidel de Rusticae.<br \/>\n<strong>Quin caracter\u00edstiques ha de tenir un bon emprenedor al nostre pa\u00eds?<\/strong><\/p>\n<p>Fonamentalment ha de ser una persona amb una forta confian\u00e7a en si mateix. Es passa per tantes dificultats, que resulta vital creure molt en les teves possibilitats. A m\u00e9s ha de comptar amb una enorme capacitat de treball, ser inconformista, interessant i humil per saber-se envoltar de gent millor que i que sempre estigui buscant la millora cont\u00ednua.<br \/>\n<strong>Quin model de gesti\u00f3 heu utilitzat per controlar el creixement del club? Com es van repartir les tasques a l&#8217;inici del cam\u00ed?<\/strong><\/p>\n<p>Encara que no est\u00e0 b\u00e9, nosaltres mai vam fer un repartiment de tasques. Hem anat treballant una mica sobre la marxa i ens hem anat fent amb territoris de gesti\u00f3 on ens sent\u00edem c\u00f2modes.<\/p>\n<p>La Isabel i jo treballem molt b\u00e9 com a t\u00e0ndem i, encara que segurament no seria recomanable, ens ha funcionat. Hem buscat el nostre cam\u00ed\u2026 i ho hem intentat gestionar de la millor manera.<br \/>\n<strong>Heu canviat de model de negoci o estrat\u00e8gia durant el vostre creixement?<\/strong><\/p>\n<p>Sempre. Estem permanentment revisant l&#8217;estrat\u00e8gia i des que va comen\u00e7ar la crisi estem revisant especialment el model. Som una empresa petita i podem permetre&#8217;ns el luxe d&#8217;assajar formats i de reconduicir la nostra estrat\u00e8gia cap a un altre cam\u00ed. Aix\u00ed que tenim en permanent revisi\u00f3 model i estrat\u00e8gia, i a la velocitat que estan avan\u00e7ant els nostres clients i m\u00f3n en general, amb m\u00e9s motiu.<br \/>\n<strong>Creeu que els hotels, grans i petits, han sabut pujar al carro online? Ja sigui en portals, clubs de reserves, xarxes socials\u2026 A Espanya, l&#8217;aposta tecnol\u00f2gica de les petites i mitges empreses, va a la mateixa velocitat de la resta de pa\u00efsos desenvolupats?<\/strong><\/p>\n<p>El nostre segment hoteler ha estat tremendament tecno resistent, li ha costat molt entrar a la lliga de l&#8217;online. Per\u00f2 \u00e9s veritat que una vegada que han vist que no hi havia marxa enrere i corrien el risc de quedar-se fora, han entrat de manera r\u00e0pida, encara que una mica a contracor. \u00c9s veritat que, a m\u00e9s, manegen una posici\u00f3 de debilitat davant dels grans monstres, cal dir-ho\u2026 per la diferencia de magnitud.<\/p>\n<p>Nosaltres ho hem tingut molt clar. \u00c9rem una min\u00facia i des del primer dia ten\u00edem p\u00e0gina web, des de 1996. I hem apostat per totes les tend\u00e8ncies online que han anat apareixent.<\/p>\n<p>Avui, de fet, treballem tota\u00a0 la nostra gesti\u00f3 de reserves amb un partnership de booking.com. Hem vist que no pod\u00edem lluitar ni combatre contra els grans monstres, i hem canviat d&#8217;estrat\u00e8gia i ens hem unit a ells.<br \/>\n<strong>Qu\u00e8 els aconsellaries a aquells estudiants de la nostra escola que t\u00e9 en ment crear un nou projecte empresarial dins del sector de la restauraci\u00f3?<\/strong><\/p>\n<p>Els diria que la viabilitat del projecte, mes all\u00e0 dels n\u00fameros que indiscutiblement s\u00f3n essencials, haur\u00e0 de descansar en una aposta s\u00f2lida per la qualitat i per la innovaci\u00f3, aquesta entesa des de la import\u00e0ncia que ha de saber interpretar les noves tend\u00e8ncies que van van apar\u00e8ixer cada vegada a un ritme major i que fan que els nostres clients evolucionis tamb\u00e9 de manera molt r\u00e0pida.\u00a0 Els h\u00e0bits de consum dels nostres clients fan que tot evolucioni. En resum, qualitat i innovaci\u00f3 fixant-nos en les tend\u00e8ncies latents.<\/p>\n<p>Per a nosaltres una de les claus principals \u00e9s l&#8217;elecci\u00f3 del soci. Hem estat molt afortunades de trobar-nos en el cam\u00ed i compartir forces i il\u00b7lusions per il\u00b7luminar un projecte com aquest. I un mai sap com d\u2019afortunat \u00e9s de poder compartir el cam\u00ed amb alg\u00fa amb qui, en l&#8217;essencial, sempre hi est\u00e0s d&#8217;acord.<\/p>\n","protected":false},"excerpt":{"rendered":"<p>Carlota Mateos, codirectora de Rusticae.es, va visitar EUHT StPOL per rebre la &#8220;Placa EUHT StPOL al lideratge tur\u00edstic 2013&#8221; en el marc de la Jornada de<span class=\"excerpt-hellip\"> [\u2026]<\/span><\/p>\n","protected":false},"author":1,"featured_media":11666,"comment_status":"closed","ping_status":"closed","sticky":false,"template":"","format":"standard","meta":{"footnotes":""},"categories":[3696],"tags":[],"class_list":["post-49825","post","type-post","status-publish","format-standard","has-post-thumbnail","hentry","category-noticies"],"yoast_head":"<!-- This site is optimized with the Yoast SEO plugin v25.8 - https:\/\/yoast.com\/wordpress\/plugins\/seo\/ -->\n<title>Carlota Mateos (Codirectora de Rusticae.es): Sempre agraeixes un premi, per\u00f2 amb aquesta conjuntura molt m\u00e9s - EUHT StPOL<\/title>\n<meta name=\"robots\" content=\"index, follow, max-snippet:-1, max-image-preview:large, max-video-preview:-1\" \/>\n<link rel=\"canonical\" href=\"https:\/\/www.santpol.edu.es\/ca\/blog\/carlota-mateos-codirectora-de-rusticae-es-sempre-agraeixes-un-premi-pero-amb-aquesta-conjuntura-molt-mes\/\" \/>\n<meta property=\"og:locale\" content=\"ca_ES\" \/>\n<meta property=\"og:type\" content=\"article\" \/>\n<meta property=\"og:title\" content=\"Carlota Mateos (Codirectora de Rusticae.es): Sempre agraeixes un premi, per\u00f2 amb aquesta conjuntura molt m\u00e9s - EUHT StPOL\" \/>\n<meta property=\"og:description\" content=\"Carlota Mateos, codirectora de Rusticae.es, va visitar EUHT StPOL per rebre la &#8220;Placa EUHT StPOL al lideratge tur\u00edstic 2013&#8221; en el marc de la Jornada de [\u2026]\" \/>\n<meta property=\"og:url\" content=\"https:\/\/www.santpol.edu.es\/ca\/blog\/carlota-mateos-codirectora-de-rusticae-es-sempre-agraeixes-un-premi-pero-amb-aquesta-conjuntura-molt-mes\/\" \/>\n<meta property=\"og:site_name\" content=\"EUHT StPOL\" \/>\n<meta property=\"article:publisher\" content=\"https:\/\/www.facebook.com\/EUHTStPOL\" \/>\n<meta property=\"article:published_time\" content=\"2013-05-12T22:00:00+00:00\" \/>\n<meta property=\"og:image\" content=\"https:\/\/www.santpol.edu.es\/wp-content\/uploads\/2019\/11\/103.jpg\" \/>\n\t<meta property=\"og:image:width\" content=\"240\" \/>\n\t<meta property=\"og:image:height\" content=\"180\" \/>\n\t<meta property=\"og:image:type\" content=\"image\/jpeg\" \/>\n<meta name=\"author\" content=\"administrador\" \/>\n<meta name=\"twitter:card\" content=\"summary_large_image\" \/>\n<meta name=\"twitter:creator\" content=\"@euhtstpol\" \/>\n<meta name=\"twitter:site\" content=\"@euhtstpol\" \/>\n<meta name=\"twitter:label1\" content=\"Escrit per\" \/>\n\t<meta name=\"twitter:data1\" content=\"administrador\" \/>\n\t<meta name=\"twitter:label2\" content=\"Temps estimat de lectura\" \/>\n\t<meta name=\"twitter:data2\" content=\"6 minuts\" \/>\n<script type=\"application\/ld+json\" class=\"yoast-schema-graph\">{\"@context\":\"https:\/\/schema.org\",\"@graph\":[{\"@type\":\"Article\",\"@id\":\"https:\/\/www.santpol.edu.es\/ca\/blog\/carlota-mateos-codirectora-de-rusticae-es-sempre-agraeixes-un-premi-pero-amb-aquesta-conjuntura-molt-mes\/#article\",\"isPartOf\":{\"@id\":\"https:\/\/www.santpol.edu.es\/ca\/blog\/carlota-mateos-codirectora-de-rusticae-es-sempre-agraeixes-un-premi-pero-amb-aquesta-conjuntura-molt-mes\/\"},\"author\":{\"name\":\"administrador\",\"@id\":\"https:\/\/www.santpol.edu.es\/#\/schema\/person\/8d0caa258341c2a053f784650ff61a84\"},\"headline\":\"Carlota Mateos (Codirectora de Rusticae.es): Sempre agraeixes un premi, per\u00f2 amb aquesta conjuntura molt m\u00e9s\",\"datePublished\":\"2013-05-12T22:00:00+00:00\",\"mainEntityOfPage\":{\"@id\":\"https:\/\/www.santpol.edu.es\/ca\/blog\/carlota-mateos-codirectora-de-rusticae-es-sempre-agraeixes-un-premi-pero-amb-aquesta-conjuntura-molt-mes\/\"},\"wordCount\":1209,\"publisher\":{\"@id\":\"https:\/\/www.santpol.edu.es\/#organization\"},\"image\":{\"@id\":\"https:\/\/www.santpol.edu.es\/ca\/blog\/carlota-mateos-codirectora-de-rusticae-es-sempre-agraeixes-un-premi-pero-amb-aquesta-conjuntura-molt-mes\/#primaryimage\"},\"thumbnailUrl\":\"https:\/\/www.santpol.edu.es\/wp-content\/uploads\/2019\/11\/103.jpg\",\"articleSection\":[\"Not\u00edcies\"],\"inLanguage\":\"ca\"},{\"@type\":\"WebPage\",\"@id\":\"https:\/\/www.santpol.edu.es\/ca\/blog\/carlota-mateos-codirectora-de-rusticae-es-sempre-agraeixes-un-premi-pero-amb-aquesta-conjuntura-molt-mes\/\",\"url\":\"https:\/\/www.santpol.edu.es\/ca\/blog\/carlota-mateos-codirectora-de-rusticae-es-sempre-agraeixes-un-premi-pero-amb-aquesta-conjuntura-molt-mes\/\",\"name\":\"Carlota Mateos (Codirectora de Rusticae.es): Sempre agraeixes un premi, per\u00f2 amb aquesta conjuntura molt m\u00e9s - EUHT StPOL\",\"isPartOf\":{\"@id\":\"https:\/\/www.santpol.edu.es\/#website\"},\"primaryImageOfPage\":{\"@id\":\"https:\/\/www.santpol.edu.es\/ca\/blog\/carlota-mateos-codirectora-de-rusticae-es-sempre-agraeixes-un-premi-pero-amb-aquesta-conjuntura-molt-mes\/#primaryimage\"},\"image\":{\"@id\":\"https:\/\/www.santpol.edu.es\/ca\/blog\/carlota-mateos-codirectora-de-rusticae-es-sempre-agraeixes-un-premi-pero-amb-aquesta-conjuntura-molt-mes\/#primaryimage\"},\"thumbnailUrl\":\"https:\/\/www.santpol.edu.es\/wp-content\/uploads\/2019\/11\/103.jpg\",\"datePublished\":\"2013-05-12T22:00:00+00:00\",\"inLanguage\":\"ca\",\"potentialAction\":[{\"@type\":\"ReadAction\",\"target\":[\"https:\/\/www.santpol.edu.es\/ca\/blog\/carlota-mateos-codirectora-de-rusticae-es-sempre-agraeixes-un-premi-pero-amb-aquesta-conjuntura-molt-mes\/\"]}]},{\"@type\":\"ImageObject\",\"inLanguage\":\"ca\",\"@id\":\"https:\/\/www.santpol.edu.es\/ca\/blog\/carlota-mateos-codirectora-de-rusticae-es-sempre-agraeixes-un-premi-pero-amb-aquesta-conjuntura-molt-mes\/#primaryimage\",\"url\":\"https:\/\/www.santpol.edu.es\/wp-content\/uploads\/2019\/11\/103.jpg\",\"contentUrl\":\"https:\/\/www.santpol.edu.es\/wp-content\/uploads\/2019\/11\/103.jpg\",\"width\":240,\"height\":180},{\"@type\":\"WebSite\",\"@id\":\"https:\/\/www.santpol.edu.es\/#website\",\"url\":\"https:\/\/www.santpol.edu.es\/\",\"name\":\"EUHT StPOL\",\"description\":\"Escuela Universitaria de Hoteler\u00eda y Turismo\",\"publisher\":{\"@id\":\"https:\/\/www.santpol.edu.es\/#organization\"},\"potentialAction\":[{\"@type\":\"SearchAction\",\"target\":{\"@type\":\"EntryPoint\",\"urlTemplate\":\"https:\/\/www.santpol.edu.es\/?s={search_term_string}\"},\"query-input\":{\"@type\":\"PropertyValueSpecification\",\"valueRequired\":true,\"valueName\":\"search_term_string\"}}],\"inLanguage\":\"ca\"},{\"@type\":\"Organization\",\"@id\":\"https:\/\/www.santpol.edu.es\/#organization\",\"name\":\"EUHT StPOL\",\"url\":\"https:\/\/www.santpol.edu.es\/\",\"logo\":{\"@type\":\"ImageObject\",\"inLanguage\":\"ca\",\"@id\":\"https:\/\/www.santpol.edu.es\/#\/schema\/logo\/image\/\",\"url\":\"https:\/\/santpol.edu.es\/wp-content\/uploads\/2019\/09\/logoweb-santpol.jpg\",\"contentUrl\":\"https:\/\/santpol.edu.es\/wp-content\/uploads\/2019\/09\/logoweb-santpol.jpg\",\"width\":324,\"height\":81,\"caption\":\"EUHT StPOL\"},\"image\":{\"@id\":\"https:\/\/www.santpol.edu.es\/#\/schema\/logo\/image\/\"},\"sameAs\":[\"https:\/\/www.facebook.com\/EUHTStPOL\",\"https:\/\/x.com\/euhtstpol\",\"https:\/\/www.instagram.com\/euhtstpol\/\",\"https:\/\/www.linkedin.com\/school\/euhtstpol-barcelona\/mycompany\/\",\"https:\/\/es.pinterest.com\/euhtstpol\/\",\"https:\/\/www.youtube.com\/user\/EUHTStPOL1\"]},{\"@type\":\"Person\",\"@id\":\"https:\/\/www.santpol.edu.es\/#\/schema\/person\/8d0caa258341c2a053f784650ff61a84\",\"name\":\"administrador\",\"image\":{\"@type\":\"ImageObject\",\"inLanguage\":\"ca\",\"@id\":\"https:\/\/www.santpol.edu.es\/#\/schema\/person\/image\/\",\"url\":\"https:\/\/www.santpol.edu.es\/wp-content\/litespeed\/avatar\/3e48ceb013e3dcc49deda32e2b823a70.jpg?ver=1777377023\",\"contentUrl\":\"https:\/\/www.santpol.edu.es\/wp-content\/litespeed\/avatar\/3e48ceb013e3dcc49deda32e2b823a70.jpg?ver=1777377023\",\"caption\":\"administrador\"}}]}<\/script>\n<!-- \/ Yoast SEO plugin. -->","yoast_head_json":{"title":"Carlota Mateos (Codirectora de Rusticae.es): Sempre agraeixes un premi, per\u00f2 amb aquesta conjuntura molt m\u00e9s - EUHT StPOL","robots":{"index":"index","follow":"follow","max-snippet":"max-snippet:-1","max-image-preview":"max-image-preview:large","max-video-preview":"max-video-preview:-1"},"canonical":"https:\/\/www.santpol.edu.es\/ca\/blog\/carlota-mateos-codirectora-de-rusticae-es-sempre-agraeixes-un-premi-pero-amb-aquesta-conjuntura-molt-mes\/","og_locale":"ca_ES","og_type":"article","og_title":"Carlota Mateos (Codirectora de Rusticae.es): Sempre agraeixes un premi, per\u00f2 amb aquesta conjuntura molt m\u00e9s - EUHT StPOL","og_description":"Carlota Mateos, codirectora de Rusticae.es, va visitar EUHT StPOL per rebre la &#8220;Placa EUHT StPOL al lideratge tur\u00edstic 2013&#8221; en el marc de la Jornada de [\u2026]","og_url":"https:\/\/www.santpol.edu.es\/ca\/blog\/carlota-mateos-codirectora-de-rusticae-es-sempre-agraeixes-un-premi-pero-amb-aquesta-conjuntura-molt-mes\/","og_site_name":"EUHT StPOL","article_publisher":"https:\/\/www.facebook.com\/EUHTStPOL","article_published_time":"2013-05-12T22:00:00+00:00","og_image":[{"width":240,"height":180,"url":"https:\/\/www.santpol.edu.es\/wp-content\/uploads\/2019\/11\/103.jpg","type":"image\/jpeg"}],"author":"administrador","twitter_card":"summary_large_image","twitter_creator":"@euhtstpol","twitter_site":"@euhtstpol","twitter_misc":{"Escrit per":"administrador","Temps estimat de lectura":"6 minuts"},"schema":{"@context":"https:\/\/schema.org","@graph":[{"@type":"Article","@id":"https:\/\/www.santpol.edu.es\/ca\/blog\/carlota-mateos-codirectora-de-rusticae-es-sempre-agraeixes-un-premi-pero-amb-aquesta-conjuntura-molt-mes\/#article","isPartOf":{"@id":"https:\/\/www.santpol.edu.es\/ca\/blog\/carlota-mateos-codirectora-de-rusticae-es-sempre-agraeixes-un-premi-pero-amb-aquesta-conjuntura-molt-mes\/"},"author":{"name":"administrador","@id":"https:\/\/www.santpol.edu.es\/#\/schema\/person\/8d0caa258341c2a053f784650ff61a84"},"headline":"Carlota Mateos (Codirectora de Rusticae.es): Sempre agraeixes un premi, per\u00f2 amb aquesta conjuntura molt m\u00e9s","datePublished":"2013-05-12T22:00:00+00:00","mainEntityOfPage":{"@id":"https:\/\/www.santpol.edu.es\/ca\/blog\/carlota-mateos-codirectora-de-rusticae-es-sempre-agraeixes-un-premi-pero-amb-aquesta-conjuntura-molt-mes\/"},"wordCount":1209,"publisher":{"@id":"https:\/\/www.santpol.edu.es\/#organization"},"image":{"@id":"https:\/\/www.santpol.edu.es\/ca\/blog\/carlota-mateos-codirectora-de-rusticae-es-sempre-agraeixes-un-premi-pero-amb-aquesta-conjuntura-molt-mes\/#primaryimage"},"thumbnailUrl":"https:\/\/www.santpol.edu.es\/wp-content\/uploads\/2019\/11\/103.jpg","articleSection":["Not\u00edcies"],"inLanguage":"ca"},{"@type":"WebPage","@id":"https:\/\/www.santpol.edu.es\/ca\/blog\/carlota-mateos-codirectora-de-rusticae-es-sempre-agraeixes-un-premi-pero-amb-aquesta-conjuntura-molt-mes\/","url":"https:\/\/www.santpol.edu.es\/ca\/blog\/carlota-mateos-codirectora-de-rusticae-es-sempre-agraeixes-un-premi-pero-amb-aquesta-conjuntura-molt-mes\/","name":"Carlota Mateos (Codirectora de Rusticae.es): Sempre agraeixes un premi, per\u00f2 amb aquesta conjuntura molt m\u00e9s - EUHT StPOL","isPartOf":{"@id":"https:\/\/www.santpol.edu.es\/#website"},"primaryImageOfPage":{"@id":"https:\/\/www.santpol.edu.es\/ca\/blog\/carlota-mateos-codirectora-de-rusticae-es-sempre-agraeixes-un-premi-pero-amb-aquesta-conjuntura-molt-mes\/#primaryimage"},"image":{"@id":"https:\/\/www.santpol.edu.es\/ca\/blog\/carlota-mateos-codirectora-de-rusticae-es-sempre-agraeixes-un-premi-pero-amb-aquesta-conjuntura-molt-mes\/#primaryimage"},"thumbnailUrl":"https:\/\/www.santpol.edu.es\/wp-content\/uploads\/2019\/11\/103.jpg","datePublished":"2013-05-12T22:00:00+00:00","inLanguage":"ca","potentialAction":[{"@type":"ReadAction","target":["https:\/\/www.santpol.edu.es\/ca\/blog\/carlota-mateos-codirectora-de-rusticae-es-sempre-agraeixes-un-premi-pero-amb-aquesta-conjuntura-molt-mes\/"]}]},{"@type":"ImageObject","inLanguage":"ca","@id":"https:\/\/www.santpol.edu.es\/ca\/blog\/carlota-mateos-codirectora-de-rusticae-es-sempre-agraeixes-un-premi-pero-amb-aquesta-conjuntura-molt-mes\/#primaryimage","url":"https:\/\/www.santpol.edu.es\/wp-content\/uploads\/2019\/11\/103.jpg","contentUrl":"https:\/\/www.santpol.edu.es\/wp-content\/uploads\/2019\/11\/103.jpg","width":240,"height":180},{"@type":"WebSite","@id":"https:\/\/www.santpol.edu.es\/#website","url":"https:\/\/www.santpol.edu.es\/","name":"EUHT StPOL","description":"Escuela Universitaria de Hoteler\u00eda y Turismo","publisher":{"@id":"https:\/\/www.santpol.edu.es\/#organization"},"potentialAction":[{"@type":"SearchAction","target":{"@type":"EntryPoint","urlTemplate":"https:\/\/www.santpol.edu.es\/?s={search_term_string}"},"query-input":{"@type":"PropertyValueSpecification","valueRequired":true,"valueName":"search_term_string"}}],"inLanguage":"ca"},{"@type":"Organization","@id":"https:\/\/www.santpol.edu.es\/#organization","name":"EUHT StPOL","url":"https:\/\/www.santpol.edu.es\/","logo":{"@type":"ImageObject","inLanguage":"ca","@id":"https:\/\/www.santpol.edu.es\/#\/schema\/logo\/image\/","url":"https:\/\/santpol.edu.es\/wp-content\/uploads\/2019\/09\/logoweb-santpol.jpg","contentUrl":"https:\/\/santpol.edu.es\/wp-content\/uploads\/2019\/09\/logoweb-santpol.jpg","width":324,"height":81,"caption":"EUHT StPOL"},"image":{"@id":"https:\/\/www.santpol.edu.es\/#\/schema\/logo\/image\/"},"sameAs":["https:\/\/www.facebook.com\/EUHTStPOL","https:\/\/x.com\/euhtstpol","https:\/\/www.instagram.com\/euhtstpol\/","https:\/\/www.linkedin.com\/school\/euhtstpol-barcelona\/mycompany\/","https:\/\/es.pinterest.com\/euhtstpol\/","https:\/\/www.youtube.com\/user\/EUHTStPOL1"]},{"@type":"Person","@id":"https:\/\/www.santpol.edu.es\/#\/schema\/person\/8d0caa258341c2a053f784650ff61a84","name":"administrador","image":{"@type":"ImageObject","inLanguage":"ca","@id":"https:\/\/www.santpol.edu.es\/#\/schema\/person\/image\/","url":"https:\/\/www.santpol.edu.es\/wp-content\/litespeed\/avatar\/3e48ceb013e3dcc49deda32e2b823a70.jpg?ver=1777377023","contentUrl":"https:\/\/www.santpol.edu.es\/wp-content\/litespeed\/avatar\/3e48ceb013e3dcc49deda32e2b823a70.jpg?ver=1777377023","caption":"administrador"}}]}},"_links":{"self":[{"href":"https:\/\/www.santpol.edu.es\/ca\/wp-json\/wp\/v2\/posts\/49825","targetHints":{"allow":["GET"]}}],"collection":[{"href":"https:\/\/www.santpol.edu.es\/ca\/wp-json\/wp\/v2\/posts"}],"about":[{"href":"https:\/\/www.santpol.edu.es\/ca\/wp-json\/wp\/v2\/types\/post"}],"author":[{"embeddable":true,"href":"https:\/\/www.santpol.edu.es\/ca\/wp-json\/wp\/v2\/users\/1"}],"replies":[{"embeddable":true,"href":"https:\/\/www.santpol.edu.es\/ca\/wp-json\/wp\/v2\/comments?post=49825"}],"version-history":[{"count":0,"href":"https:\/\/www.santpol.edu.es\/ca\/wp-json\/wp\/v2\/posts\/49825\/revisions"}],"wp:featuredmedia":[{"embeddable":true,"href":"https:\/\/www.santpol.edu.es\/ca\/wp-json\/wp\/v2\/media\/11666"}],"wp:attachment":[{"href":"https:\/\/www.santpol.edu.es\/ca\/wp-json\/wp\/v2\/media?parent=49825"}],"wp:term":[{"taxonomy":"category","embeddable":true,"href":"https:\/\/www.santpol.edu.es\/ca\/wp-json\/wp\/v2\/categories?post=49825"},{"taxonomy":"post_tag","embeddable":true,"href":"https:\/\/www.santpol.edu.es\/ca\/wp-json\/wp\/v2\/tags?post=49825"}],"curies":[{"name":"wp","href":"https:\/\/api.w.org\/{rel}","templated":true}]}}