{"id":49829,"date":"2013-05-10T00:00:00","date_gmt":"2013-05-09T22:00:00","guid":{"rendered":"https:\/\/www.santpol.edu.es\/rusticae-es-rep-la-placa-euht-stpol-al-lideratge-turistic-2013\/"},"modified":"2013-05-10T00:00:00","modified_gmt":"2013-05-09T22:00:00","slug":"rusticae-es-rep-la-placa-euht-stpol-al-lideratge-turistic-2013","status":"publish","type":"post","link":"https:\/\/www.santpol.edu.es\/ca\/blog\/rusticae-es-rep-la-placa-euht-stpol-al-lideratge-turistic-2013\/","title":{"rendered":"Rusticae.es rep la \u201cPlaca EUHT StPOL al lideratge tur\u00edstic 2013\u201d"},"content":{"rendered":"<p><strong>Els alumnes de 4t de \u201cGrau en Gesti\u00f3 Hotelera i Tur\u00edstica\u201d de l\u2019EUHT StPOL lliuren el distintiu a Carlota Mateos i Isabel Llorens, fundadores de Rusticae.es, dins del marc de\u00a0<\/strong><strong>la \u201cJornada de Lideratge i Formaci\u00f3\u201d<\/strong><br \/>\n<strong>A l\u2019acte tamb\u00e9 s\u2019ha presentat el projecte \u201cMuseu del Turisme\u201d, de Calella, en el 60\u00e8 aniversari de l\u2019arribada del turisme vacacional a la localitat maresmenca<\/strong><\/p>\n<p>&nbsp;<\/p>\n<p>Aquest mat\u00ed s\u2019ha celebrat la\u00a0<strong>Jornada de Lideratge i Formaci\u00f3 2013<\/strong>\u00a0(JLF), un acte anual organitzat pels alumnes de 4t curs de \u201c<strong>Grau en Gesti\u00f3 Hotelera i Tur\u00edstica<\/strong>\u201d de\u00a0<strong>l\u2019Escola Universit\u00e0ria d\u2019Hoteleria i Turisme de Sant Pol de Mar\u00a0<\/strong>(EUHT STPOL). Aquest esdeveniment anual reconeix i distingeix a professionals del sector tur\u00edstic espanyol emprenedors, din\u00e0mics i valents dins del sector tur\u00edstic, amb l\u2019entrega de la \u201c<strong>Placa EUHT StPOL al lideratge tur\u00edstic<\/strong>\u201d pel desenvolupament i gesti\u00f3 de nous projectes empresarials dins del sector.<\/p>\n<p>La jornada\u00a0<strong>ha premiat<\/strong>\u00a0l\u2019emprenedoria, const\u00e0ncia, gust i creativitat de l\u2019empresa\u00a0<strong>Rusticae.es<\/strong>, un club de reserves online d\u2019hotels exclusius, petits i amb encant. El reconeixement ha anat per les seves dues fundadores:\u00a0<strong>Carlota Mateos i Isabel Llorens<\/strong>, impulsores i creadores del projecte. Mateos ha assistit a l\u2019acte on ha rebut el premi, de la m\u00e0 dels alumnes del Grau en Gesti\u00f3 Hotelera i Tur\u00edstica de l&#8217;EUHT StPOL, qui ha agra\u00eft el distintiu i manifestat que encara que sempre \u00e9s gratificant recollir un premi, fer-ho en un moment com l\u2019actual i de part dels futurs professionals del sector, ho fa doblement emocional.<\/p>\n<p>L\u2019esperit emprenedor, el sentit d\u2019innovaci\u00f3, la const\u00e0ncia, el treball en equip i el bon gust, han estat algunes de les compet\u00e8ncies que els estudiants de la <strong>primera promoci\u00f3 en graduar-se en el \u201cGrau en Gesti\u00f3 Hotelera i Tur\u00edstica\u201d, \u00fanic programa oficial a Espa\u00f1a <\/strong>amb aquesta denominaci\u00f3, han considerat clau a l\u2019hora d\u2019escollir el projecte guanyador d\u2019enguany.<\/p>\n<p>L\u2019acte tamb\u00e9 ha volgut recon\u00e8ixer la feina quant a desenvolupament tur\u00edstic de l\u2019<strong>Ajuntament de Calella<\/strong>, en el\u00a0<strong>60\u00e8 aniversari de l\u2019arribada del turisme vacacional<\/strong>\u00a0a la localitat de El Maresme. La seva alcaldessa, Montserrat Candini, ha presentat tamb\u00e9 un dels seus \u00faltims projectes estrella dins del sector, un espai ic\u00f2nic i \u00fanic a nivell mundial: el\u00a0<strong>Museu del Turisme<\/strong>. La creaci\u00f3 d\u2019un museu, pioner internacionalment, dedicat a un dels fen\u00f2mens econ\u00f2mics i socials m\u00e9s importants de tota la nostra hist\u00f2ria: el turisme. El Museu, que presumir\u00e0 de 1.300m2, comptar\u00e0 amb 3 espais diferenciats i una part central on podrem con\u00e8ixer la seva hist\u00f2ria, veure diverses maneres de com preparar un viatge, destacar el paper de l\u2019hostaleria i la restauraci\u00f3 dins del sector, con\u00e8ixer l\u2019origen del s\u00edmbol del\u00a0souvenir, entre d\u2019altres.<\/p>\n<p>La cloenda de l\u2019acte ha estat realitzada pel <strong>Sr. Pere Torres, Secretari d\u2019Empresa i Competitivitat del Departament d&#8217;Empresa i Ocupaci\u00f3 de la Generalitat de Catalunya<\/strong>, qui ha destacat el <strong>paper i treball de l\u2019EUHT StPOL en la formaci\u00f3 i preparaci\u00f3 dels professionals del sector<\/strong> des de fa anys, amb l&#8217;objectiu d&#8217;ajudar a oferir serveis de qualitat als nostres turistes. Torres, ha remarcat el <strong>creixement del turisme internacional a Catalunya<\/strong>, on les dades de 2012 van augmentar versus l&#8217;any anterior: un 10% quant a nombre de visitants estrangers i un 14% en la despesa que aquests van realitzar al nostre territori. Dades que, sens dubte, ajuden a creure en aquest sector en un moment en qu\u00e8 el context econ\u00f2mic no \u00e9s del tot optimista.<\/p>\n","protected":false},"excerpt":{"rendered":"<p>Els alumnes de 4t de \u201cGrau en Gesti\u00f3 Hotelera i Tur\u00edstica\u201d de l\u2019EUHT StPOL lliuren el distintiu a Carlota Mateos i Isabel Llorens, fundadores de Rusticae.es,<span class=\"excerpt-hellip\"> [\u2026]<\/span><\/p>\n","protected":false},"author":1,"featured_media":11670,"comment_status":"closed","ping_status":"closed","sticky":false,"template":"","format":"standard","meta":{"footnotes":""},"categories":[3696],"tags":[],"class_list":["post-49829","post","type-post","status-publish","format-standard","has-post-thumbnail","hentry","category-noticies"],"yoast_head":"<!-- This site is optimized with the Yoast SEO plugin v25.8 - https:\/\/yoast.com\/wordpress\/plugins\/seo\/ -->\n<title>Rusticae.es rep la \u201cPlaca EUHT StPOL al lideratge tur\u00edstic 2013\u201d - EUHT StPOL<\/title>\n<meta name=\"robots\" content=\"index, follow, max-snippet:-1, max-image-preview:large, max-video-preview:-1\" \/>\n<link rel=\"canonical\" href=\"https:\/\/www.santpol.edu.es\/ca\/blog\/rusticae-es-rep-la-placa-euht-stpol-al-lideratge-turistic-2013\/\" \/>\n<meta property=\"og:locale\" content=\"ca_ES\" \/>\n<meta property=\"og:type\" content=\"article\" \/>\n<meta property=\"og:title\" content=\"Rusticae.es rep la \u201cPlaca EUHT StPOL al lideratge tur\u00edstic 2013\u201d - EUHT StPOL\" \/>\n<meta property=\"og:description\" content=\"Els alumnes de 4t de \u201cGrau en Gesti\u00f3 Hotelera i Tur\u00edstica\u201d de l\u2019EUHT StPOL lliuren el distintiu a Carlota Mateos i Isabel Llorens, fundadores de Rusticae.es, [\u2026]\" \/>\n<meta property=\"og:url\" content=\"https:\/\/www.santpol.edu.es\/ca\/blog\/rusticae-es-rep-la-placa-euht-stpol-al-lideratge-turistic-2013\/\" \/>\n<meta property=\"og:site_name\" content=\"EUHT StPOL\" \/>\n<meta property=\"article:publisher\" content=\"https:\/\/www.facebook.com\/EUHTStPOL\" \/>\n<meta property=\"article:published_time\" content=\"2013-05-09T22:00:00+00:00\" \/>\n<meta property=\"og:image\" content=\"https:\/\/www.santpol.edu.es\/wp-content\/uploads\/2019\/11\/102.jpg\" \/>\n\t<meta property=\"og:image:width\" content=\"240\" \/>\n\t<meta property=\"og:image:height\" content=\"180\" \/>\n\t<meta property=\"og:image:type\" content=\"image\/jpeg\" \/>\n<meta name=\"author\" content=\"administrador\" \/>\n<meta name=\"twitter:card\" content=\"summary_large_image\" \/>\n<meta name=\"twitter:creator\" content=\"@euhtstpol\" \/>\n<meta name=\"twitter:site\" content=\"@euhtstpol\" \/>\n<meta name=\"twitter:label1\" content=\"Escrit per\" \/>\n\t<meta name=\"twitter:data1\" content=\"administrador\" \/>\n\t<meta name=\"twitter:label2\" content=\"Temps estimat de lectura\" \/>\n\t<meta name=\"twitter:data2\" content=\"3 minuts\" \/>\n<script type=\"application\/ld+json\" class=\"yoast-schema-graph\">{\"@context\":\"https:\/\/schema.org\",\"@graph\":[{\"@type\":\"Article\",\"@id\":\"https:\/\/www.santpol.edu.es\/ca\/blog\/rusticae-es-rep-la-placa-euht-stpol-al-lideratge-turistic-2013\/#article\",\"isPartOf\":{\"@id\":\"https:\/\/www.santpol.edu.es\/ca\/blog\/rusticae-es-rep-la-placa-euht-stpol-al-lideratge-turistic-2013\/\"},\"author\":{\"name\":\"administrador\",\"@id\":\"https:\/\/www.santpol.edu.es\/#\/schema\/person\/8d0caa258341c2a053f784650ff61a84\"},\"headline\":\"Rusticae.es rep la \u201cPlaca EUHT StPOL al lideratge tur\u00edstic 2013\u201d\",\"datePublished\":\"2013-05-09T22:00:00+00:00\",\"mainEntityOfPage\":{\"@id\":\"https:\/\/www.santpol.edu.es\/ca\/blog\/rusticae-es-rep-la-placa-euht-stpol-al-lideratge-turistic-2013\/\"},\"wordCount\":619,\"publisher\":{\"@id\":\"https:\/\/www.santpol.edu.es\/#organization\"},\"image\":{\"@id\":\"https:\/\/www.santpol.edu.es\/ca\/blog\/rusticae-es-rep-la-placa-euht-stpol-al-lideratge-turistic-2013\/#primaryimage\"},\"thumbnailUrl\":\"https:\/\/www.santpol.edu.es\/wp-content\/uploads\/2019\/11\/102.jpg\",\"articleSection\":[\"Not\u00edcies\"],\"inLanguage\":\"ca\"},{\"@type\":\"WebPage\",\"@id\":\"https:\/\/www.santpol.edu.es\/ca\/blog\/rusticae-es-rep-la-placa-euht-stpol-al-lideratge-turistic-2013\/\",\"url\":\"https:\/\/www.santpol.edu.es\/ca\/blog\/rusticae-es-rep-la-placa-euht-stpol-al-lideratge-turistic-2013\/\",\"name\":\"Rusticae.es rep la \u201cPlaca EUHT StPOL al lideratge tur\u00edstic 2013\u201d - EUHT StPOL\",\"isPartOf\":{\"@id\":\"https:\/\/www.santpol.edu.es\/#website\"},\"primaryImageOfPage\":{\"@id\":\"https:\/\/www.santpol.edu.es\/ca\/blog\/rusticae-es-rep-la-placa-euht-stpol-al-lideratge-turistic-2013\/#primaryimage\"},\"image\":{\"@id\":\"https:\/\/www.santpol.edu.es\/ca\/blog\/rusticae-es-rep-la-placa-euht-stpol-al-lideratge-turistic-2013\/#primaryimage\"},\"thumbnailUrl\":\"https:\/\/www.santpol.edu.es\/wp-content\/uploads\/2019\/11\/102.jpg\",\"datePublished\":\"2013-05-09T22:00:00+00:00\",\"inLanguage\":\"ca\",\"potentialAction\":[{\"@type\":\"ReadAction\",\"target\":[\"https:\/\/www.santpol.edu.es\/ca\/blog\/rusticae-es-rep-la-placa-euht-stpol-al-lideratge-turistic-2013\/\"]}]},{\"@type\":\"ImageObject\",\"inLanguage\":\"ca\",\"@id\":\"https:\/\/www.santpol.edu.es\/ca\/blog\/rusticae-es-rep-la-placa-euht-stpol-al-lideratge-turistic-2013\/#primaryimage\",\"url\":\"https:\/\/www.santpol.edu.es\/wp-content\/uploads\/2019\/11\/102.jpg\",\"contentUrl\":\"https:\/\/www.santpol.edu.es\/wp-content\/uploads\/2019\/11\/102.jpg\",\"width\":240,\"height\":180},{\"@type\":\"WebSite\",\"@id\":\"https:\/\/www.santpol.edu.es\/#website\",\"url\":\"https:\/\/www.santpol.edu.es\/\",\"name\":\"EUHT StPOL\",\"description\":\"Escuela Universitaria de Hoteler\u00eda y Turismo\",\"publisher\":{\"@id\":\"https:\/\/www.santpol.edu.es\/#organization\"},\"potentialAction\":[{\"@type\":\"SearchAction\",\"target\":{\"@type\":\"EntryPoint\",\"urlTemplate\":\"https:\/\/www.santpol.edu.es\/?s={search_term_string}\"},\"query-input\":{\"@type\":\"PropertyValueSpecification\",\"valueRequired\":true,\"valueName\":\"search_term_string\"}}],\"inLanguage\":\"ca\"},{\"@type\":\"Organization\",\"@id\":\"https:\/\/www.santpol.edu.es\/#organization\",\"name\":\"EUHT StPOL\",\"url\":\"https:\/\/www.santpol.edu.es\/\",\"logo\":{\"@type\":\"ImageObject\",\"inLanguage\":\"ca\",\"@id\":\"https:\/\/www.santpol.edu.es\/#\/schema\/logo\/image\/\",\"url\":\"https:\/\/santpol.edu.es\/wp-content\/uploads\/2019\/09\/logoweb-santpol.jpg\",\"contentUrl\":\"https:\/\/santpol.edu.es\/wp-content\/uploads\/2019\/09\/logoweb-santpol.jpg\",\"width\":324,\"height\":81,\"caption\":\"EUHT StPOL\"},\"image\":{\"@id\":\"https:\/\/www.santpol.edu.es\/#\/schema\/logo\/image\/\"},\"sameAs\":[\"https:\/\/www.facebook.com\/EUHTStPOL\",\"https:\/\/x.com\/euhtstpol\",\"https:\/\/www.instagram.com\/euhtstpol\/\",\"https:\/\/www.linkedin.com\/school\/euhtstpol-barcelona\/mycompany\/\",\"https:\/\/es.pinterest.com\/euhtstpol\/\",\"https:\/\/www.youtube.com\/user\/EUHTStPOL1\"]},{\"@type\":\"Person\",\"@id\":\"https:\/\/www.santpol.edu.es\/#\/schema\/person\/8d0caa258341c2a053f784650ff61a84\",\"name\":\"administrador\",\"image\":{\"@type\":\"ImageObject\",\"inLanguage\":\"ca\",\"@id\":\"https:\/\/www.santpol.edu.es\/#\/schema\/person\/image\/\",\"url\":\"https:\/\/www.santpol.edu.es\/wp-content\/litespeed\/avatar\/3e48ceb013e3dcc49deda32e2b823a70.jpg?ver=1777377023\",\"contentUrl\":\"https:\/\/www.santpol.edu.es\/wp-content\/litespeed\/avatar\/3e48ceb013e3dcc49deda32e2b823a70.jpg?ver=1777377023\",\"caption\":\"administrador\"}}]}<\/script>\n<!-- \/ Yoast SEO plugin. -->","yoast_head_json":{"title":"Rusticae.es rep la \u201cPlaca EUHT StPOL al lideratge tur\u00edstic 2013\u201d - EUHT StPOL","robots":{"index":"index","follow":"follow","max-snippet":"max-snippet:-1","max-image-preview":"max-image-preview:large","max-video-preview":"max-video-preview:-1"},"canonical":"https:\/\/www.santpol.edu.es\/ca\/blog\/rusticae-es-rep-la-placa-euht-stpol-al-lideratge-turistic-2013\/","og_locale":"ca_ES","og_type":"article","og_title":"Rusticae.es rep la \u201cPlaca EUHT StPOL al lideratge tur\u00edstic 2013\u201d - EUHT StPOL","og_description":"Els alumnes de 4t de \u201cGrau en Gesti\u00f3 Hotelera i Tur\u00edstica\u201d de l\u2019EUHT StPOL lliuren el distintiu a Carlota Mateos i Isabel Llorens, fundadores de Rusticae.es, [\u2026]","og_url":"https:\/\/www.santpol.edu.es\/ca\/blog\/rusticae-es-rep-la-placa-euht-stpol-al-lideratge-turistic-2013\/","og_site_name":"EUHT StPOL","article_publisher":"https:\/\/www.facebook.com\/EUHTStPOL","article_published_time":"2013-05-09T22:00:00+00:00","og_image":[{"width":240,"height":180,"url":"https:\/\/www.santpol.edu.es\/wp-content\/uploads\/2019\/11\/102.jpg","type":"image\/jpeg"}],"author":"administrador","twitter_card":"summary_large_image","twitter_creator":"@euhtstpol","twitter_site":"@euhtstpol","twitter_misc":{"Escrit per":"administrador","Temps estimat de lectura":"3 minuts"},"schema":{"@context":"https:\/\/schema.org","@graph":[{"@type":"Article","@id":"https:\/\/www.santpol.edu.es\/ca\/blog\/rusticae-es-rep-la-placa-euht-stpol-al-lideratge-turistic-2013\/#article","isPartOf":{"@id":"https:\/\/www.santpol.edu.es\/ca\/blog\/rusticae-es-rep-la-placa-euht-stpol-al-lideratge-turistic-2013\/"},"author":{"name":"administrador","@id":"https:\/\/www.santpol.edu.es\/#\/schema\/person\/8d0caa258341c2a053f784650ff61a84"},"headline":"Rusticae.es rep la \u201cPlaca EUHT StPOL al lideratge tur\u00edstic 2013\u201d","datePublished":"2013-05-09T22:00:00+00:00","mainEntityOfPage":{"@id":"https:\/\/www.santpol.edu.es\/ca\/blog\/rusticae-es-rep-la-placa-euht-stpol-al-lideratge-turistic-2013\/"},"wordCount":619,"publisher":{"@id":"https:\/\/www.santpol.edu.es\/#organization"},"image":{"@id":"https:\/\/www.santpol.edu.es\/ca\/blog\/rusticae-es-rep-la-placa-euht-stpol-al-lideratge-turistic-2013\/#primaryimage"},"thumbnailUrl":"https:\/\/www.santpol.edu.es\/wp-content\/uploads\/2019\/11\/102.jpg","articleSection":["Not\u00edcies"],"inLanguage":"ca"},{"@type":"WebPage","@id":"https:\/\/www.santpol.edu.es\/ca\/blog\/rusticae-es-rep-la-placa-euht-stpol-al-lideratge-turistic-2013\/","url":"https:\/\/www.santpol.edu.es\/ca\/blog\/rusticae-es-rep-la-placa-euht-stpol-al-lideratge-turistic-2013\/","name":"Rusticae.es rep la \u201cPlaca EUHT StPOL al lideratge tur\u00edstic 2013\u201d - EUHT StPOL","isPartOf":{"@id":"https:\/\/www.santpol.edu.es\/#website"},"primaryImageOfPage":{"@id":"https:\/\/www.santpol.edu.es\/ca\/blog\/rusticae-es-rep-la-placa-euht-stpol-al-lideratge-turistic-2013\/#primaryimage"},"image":{"@id":"https:\/\/www.santpol.edu.es\/ca\/blog\/rusticae-es-rep-la-placa-euht-stpol-al-lideratge-turistic-2013\/#primaryimage"},"thumbnailUrl":"https:\/\/www.santpol.edu.es\/wp-content\/uploads\/2019\/11\/102.jpg","datePublished":"2013-05-09T22:00:00+00:00","inLanguage":"ca","potentialAction":[{"@type":"ReadAction","target":["https:\/\/www.santpol.edu.es\/ca\/blog\/rusticae-es-rep-la-placa-euht-stpol-al-lideratge-turistic-2013\/"]}]},{"@type":"ImageObject","inLanguage":"ca","@id":"https:\/\/www.santpol.edu.es\/ca\/blog\/rusticae-es-rep-la-placa-euht-stpol-al-lideratge-turistic-2013\/#primaryimage","url":"https:\/\/www.santpol.edu.es\/wp-content\/uploads\/2019\/11\/102.jpg","contentUrl":"https:\/\/www.santpol.edu.es\/wp-content\/uploads\/2019\/11\/102.jpg","width":240,"height":180},{"@type":"WebSite","@id":"https:\/\/www.santpol.edu.es\/#website","url":"https:\/\/www.santpol.edu.es\/","name":"EUHT StPOL","description":"Escuela Universitaria de Hoteler\u00eda y Turismo","publisher":{"@id":"https:\/\/www.santpol.edu.es\/#organization"},"potentialAction":[{"@type":"SearchAction","target":{"@type":"EntryPoint","urlTemplate":"https:\/\/www.santpol.edu.es\/?s={search_term_string}"},"query-input":{"@type":"PropertyValueSpecification","valueRequired":true,"valueName":"search_term_string"}}],"inLanguage":"ca"},{"@type":"Organization","@id":"https:\/\/www.santpol.edu.es\/#organization","name":"EUHT StPOL","url":"https:\/\/www.santpol.edu.es\/","logo":{"@type":"ImageObject","inLanguage":"ca","@id":"https:\/\/www.santpol.edu.es\/#\/schema\/logo\/image\/","url":"https:\/\/santpol.edu.es\/wp-content\/uploads\/2019\/09\/logoweb-santpol.jpg","contentUrl":"https:\/\/santpol.edu.es\/wp-content\/uploads\/2019\/09\/logoweb-santpol.jpg","width":324,"height":81,"caption":"EUHT StPOL"},"image":{"@id":"https:\/\/www.santpol.edu.es\/#\/schema\/logo\/image\/"},"sameAs":["https:\/\/www.facebook.com\/EUHTStPOL","https:\/\/x.com\/euhtstpol","https:\/\/www.instagram.com\/euhtstpol\/","https:\/\/www.linkedin.com\/school\/euhtstpol-barcelona\/mycompany\/","https:\/\/es.pinterest.com\/euhtstpol\/","https:\/\/www.youtube.com\/user\/EUHTStPOL1"]},{"@type":"Person","@id":"https:\/\/www.santpol.edu.es\/#\/schema\/person\/8d0caa258341c2a053f784650ff61a84","name":"administrador","image":{"@type":"ImageObject","inLanguage":"ca","@id":"https:\/\/www.santpol.edu.es\/#\/schema\/person\/image\/","url":"https:\/\/www.santpol.edu.es\/wp-content\/litespeed\/avatar\/3e48ceb013e3dcc49deda32e2b823a70.jpg?ver=1777377023","contentUrl":"https:\/\/www.santpol.edu.es\/wp-content\/litespeed\/avatar\/3e48ceb013e3dcc49deda32e2b823a70.jpg?ver=1777377023","caption":"administrador"}}]}},"_links":{"self":[{"href":"https:\/\/www.santpol.edu.es\/ca\/wp-json\/wp\/v2\/posts\/49829","targetHints":{"allow":["GET"]}}],"collection":[{"href":"https:\/\/www.santpol.edu.es\/ca\/wp-json\/wp\/v2\/posts"}],"about":[{"href":"https:\/\/www.santpol.edu.es\/ca\/wp-json\/wp\/v2\/types\/post"}],"author":[{"embeddable":true,"href":"https:\/\/www.santpol.edu.es\/ca\/wp-json\/wp\/v2\/users\/1"}],"replies":[{"embeddable":true,"href":"https:\/\/www.santpol.edu.es\/ca\/wp-json\/wp\/v2\/comments?post=49829"}],"version-history":[{"count":0,"href":"https:\/\/www.santpol.edu.es\/ca\/wp-json\/wp\/v2\/posts\/49829\/revisions"}],"wp:featuredmedia":[{"embeddable":true,"href":"https:\/\/www.santpol.edu.es\/ca\/wp-json\/wp\/v2\/media\/11670"}],"wp:attachment":[{"href":"https:\/\/www.santpol.edu.es\/ca\/wp-json\/wp\/v2\/media?parent=49829"}],"wp:term":[{"taxonomy":"category","embeddable":true,"href":"https:\/\/www.santpol.edu.es\/ca\/wp-json\/wp\/v2\/categories?post=49829"},{"taxonomy":"post_tag","embeddable":true,"href":"https:\/\/www.santpol.edu.es\/ca\/wp-json\/wp\/v2\/tags?post=49829"}],"curies":[{"name":"wp","href":"https:\/\/api.w.org\/{rel}","templated":true}]}}