{"id":50017,"date":"2012-03-30T00:00:00","date_gmt":"2012-03-29T22:00:00","guid":{"rendered":"https:\/\/www.santpol.edu.es\/jornada-de-portes-obertes\/"},"modified":"2012-03-30T00:00:00","modified_gmt":"2012-03-29T22:00:00","slug":"jornada-de-portes-obertes","status":"publish","type":"post","link":"https:\/\/www.santpol.edu.es\/ca\/blog\/jornada-de-portes-obertes\/","title":{"rendered":"Jornada de Portes Obertes"},"content":{"rendered":"<p>Si t&#8217;apassiona el m\u00f3n de la hoteleria, la gastronomia i la restauraci\u00f3, vols aprendre, VINE A FORMAR-TE al nostre Hotel-Escola.<br \/>\nEl proper dissabte 14 d\u2019abril es celebrar\u00e0 la tercera jornada de portes obertes d\u2019aquest curs acad\u00e8mic a l\u2019EUHT StPOL, per a tots aquells interessats en el Grau en Gesti\u00f3 Hotelera i Tur\u00edstica i el programa de T\u00e8cnic en Gastronomia i Restauraci\u00f3.<br \/>\nUna jornada que comen\u00e7ar\u00e0 a les 10\u201930h amb una visita a les nostres instal\u00b7lacions, la presentaci\u00f3 del programa acad\u00e8mic i una demostraci\u00f3 de cuina i cocteleria.<\/p>\n<p>&nbsp;<\/p>\n","protected":false},"excerpt":{"rendered":"<p>Si t&#8217;apassiona el m\u00f3n de la hoteleria, la gastronomia i la restauraci\u00f3, vols aprendre, VINE A FORMAR-TE al nostre Hotel-Escola. El proper dissabte 14 d\u2019abril es<span class=\"excerpt-hellip\"> [\u2026]<\/span><\/p>\n","protected":false},"author":1,"featured_media":11860,"comment_status":"closed","ping_status":"closed","sticky":false,"template":"","format":"standard","meta":{"footnotes":""},"categories":[3697],"tags":[],"class_list":["post-50017","post","type-post","status-publish","format-standard","has-post-thumbnail","hentry","category-noticies-inici"],"yoast_head":"<!-- This site is optimized with the Yoast SEO plugin v25.8 - https:\/\/yoast.com\/wordpress\/plugins\/seo\/ -->\n<title>Jornada de Portes Obertes - EUHT StPOL<\/title>\n<meta name=\"robots\" content=\"index, follow, max-snippet:-1, max-image-preview:large, max-video-preview:-1\" \/>\n<link rel=\"canonical\" href=\"https:\/\/www.santpol.edu.es\/ca\/blog\/jornada-de-portes-obertes\/\" \/>\n<meta property=\"og:locale\" content=\"ca_ES\" \/>\n<meta property=\"og:type\" content=\"article\" \/>\n<meta property=\"og:title\" content=\"Jornada de Portes Obertes - EUHT StPOL\" \/>\n<meta property=\"og:description\" content=\"Si t&#8217;apassiona el m\u00f3n de la hoteleria, la gastronomia i la restauraci\u00f3, vols aprendre, VINE A FORMAR-TE al nostre Hotel-Escola. El proper dissabte 14 d\u2019abril es [\u2026]\" \/>\n<meta property=\"og:url\" content=\"https:\/\/www.santpol.edu.es\/ca\/blog\/jornada-de-portes-obertes\/\" \/>\n<meta property=\"og:site_name\" content=\"EUHT StPOL\" \/>\n<meta property=\"article:publisher\" content=\"https:\/\/www.facebook.com\/EUHTStPOL\" \/>\n<meta property=\"article:published_time\" content=\"2012-03-29T22:00:00+00:00\" \/>\n<meta property=\"og:image\" content=\"https:\/\/www.santpol.edu.es\/wp-content\/uploads\/2019\/11\/28.jpg\" \/>\n\t<meta property=\"og:image:width\" content=\"448\" \/>\n\t<meta property=\"og:image:height\" content=\"304\" \/>\n\t<meta property=\"og:image:type\" content=\"image\/jpeg\" \/>\n<meta name=\"author\" content=\"administrador\" \/>\n<meta name=\"twitter:card\" content=\"summary_large_image\" \/>\n<meta name=\"twitter:creator\" content=\"@euhtstpol\" \/>\n<meta name=\"twitter:site\" content=\"@euhtstpol\" \/>\n<meta name=\"twitter:label1\" content=\"Escrit per\" \/>\n\t<meta name=\"twitter:data1\" content=\"administrador\" \/>\n<script type=\"application\/ld+json\" class=\"yoast-schema-graph\">{\"@context\":\"https:\/\/schema.org\",\"@graph\":[{\"@type\":\"Article\",\"@id\":\"https:\/\/www.santpol.edu.es\/ca\/blog\/jornada-de-portes-obertes\/#article\",\"isPartOf\":{\"@id\":\"https:\/\/www.santpol.edu.es\/ca\/blog\/jornada-de-portes-obertes\/\"},\"author\":{\"name\":\"administrador\",\"@id\":\"https:\/\/www.santpol.edu.es\/#\/schema\/person\/8d0caa258341c2a053f784650ff61a84\"},\"headline\":\"Jornada de Portes Obertes\",\"datePublished\":\"2012-03-29T22:00:00+00:00\",\"mainEntityOfPage\":{\"@id\":\"https:\/\/www.santpol.edu.es\/ca\/blog\/jornada-de-portes-obertes\/\"},\"wordCount\":102,\"publisher\":{\"@id\":\"https:\/\/www.santpol.edu.es\/#organization\"},\"image\":{\"@id\":\"https:\/\/www.santpol.edu.es\/ca\/blog\/jornada-de-portes-obertes\/#primaryimage\"},\"thumbnailUrl\":\"https:\/\/www.santpol.edu.es\/wp-content\/uploads\/2019\/11\/28.jpg\",\"articleSection\":[\"Not\u00edcies Inici\"],\"inLanguage\":\"ca\"},{\"@type\":\"WebPage\",\"@id\":\"https:\/\/www.santpol.edu.es\/ca\/blog\/jornada-de-portes-obertes\/\",\"url\":\"https:\/\/www.santpol.edu.es\/ca\/blog\/jornada-de-portes-obertes\/\",\"name\":\"Jornada de Portes Obertes - EUHT StPOL\",\"isPartOf\":{\"@id\":\"https:\/\/www.santpol.edu.es\/#website\"},\"primaryImageOfPage\":{\"@id\":\"https:\/\/www.santpol.edu.es\/ca\/blog\/jornada-de-portes-obertes\/#primaryimage\"},\"image\":{\"@id\":\"https:\/\/www.santpol.edu.es\/ca\/blog\/jornada-de-portes-obertes\/#primaryimage\"},\"thumbnailUrl\":\"https:\/\/www.santpol.edu.es\/wp-content\/uploads\/2019\/11\/28.jpg\",\"datePublished\":\"2012-03-29T22:00:00+00:00\",\"inLanguage\":\"ca\",\"potentialAction\":[{\"@type\":\"ReadAction\",\"target\":[\"https:\/\/www.santpol.edu.es\/ca\/blog\/jornada-de-portes-obertes\/\"]}]},{\"@type\":\"ImageObject\",\"inLanguage\":\"ca\",\"@id\":\"https:\/\/www.santpol.edu.es\/ca\/blog\/jornada-de-portes-obertes\/#primaryimage\",\"url\":\"https:\/\/www.santpol.edu.es\/wp-content\/uploads\/2019\/11\/28.jpg\",\"contentUrl\":\"https:\/\/www.santpol.edu.es\/wp-content\/uploads\/2019\/11\/28.jpg\",\"width\":448,\"height\":304},{\"@type\":\"WebSite\",\"@id\":\"https:\/\/www.santpol.edu.es\/#website\",\"url\":\"https:\/\/www.santpol.edu.es\/\",\"name\":\"EUHT StPOL\",\"description\":\"Escuela Universitaria de Hoteler\u00eda y Turismo\",\"publisher\":{\"@id\":\"https:\/\/www.santpol.edu.es\/#organization\"},\"potentialAction\":[{\"@type\":\"SearchAction\",\"target\":{\"@type\":\"EntryPoint\",\"urlTemplate\":\"https:\/\/www.santpol.edu.es\/?s={search_term_string}\"},\"query-input\":{\"@type\":\"PropertyValueSpecification\",\"valueRequired\":true,\"valueName\":\"search_term_string\"}}],\"inLanguage\":\"ca\"},{\"@type\":\"Organization\",\"@id\":\"https:\/\/www.santpol.edu.es\/#organization\",\"name\":\"EUHT StPOL\",\"url\":\"https:\/\/www.santpol.edu.es\/\",\"logo\":{\"@type\":\"ImageObject\",\"inLanguage\":\"ca\",\"@id\":\"https:\/\/www.santpol.edu.es\/#\/schema\/logo\/image\/\",\"url\":\"https:\/\/santpol.edu.es\/wp-content\/uploads\/2019\/09\/logoweb-santpol.jpg\",\"contentUrl\":\"https:\/\/santpol.edu.es\/wp-content\/uploads\/2019\/09\/logoweb-santpol.jpg\",\"width\":324,\"height\":81,\"caption\":\"EUHT StPOL\"},\"image\":{\"@id\":\"https:\/\/www.santpol.edu.es\/#\/schema\/logo\/image\/\"},\"sameAs\":[\"https:\/\/www.facebook.com\/EUHTStPOL\",\"https:\/\/x.com\/euhtstpol\",\"https:\/\/www.instagram.com\/euhtstpol\/\",\"https:\/\/www.linkedin.com\/school\/euhtstpol-barcelona\/mycompany\/\",\"https:\/\/es.pinterest.com\/euhtstpol\/\",\"https:\/\/www.youtube.com\/user\/EUHTStPOL1\"]},{\"@type\":\"Person\",\"@id\":\"https:\/\/www.santpol.edu.es\/#\/schema\/person\/8d0caa258341c2a053f784650ff61a84\",\"name\":\"administrador\",\"image\":{\"@type\":\"ImageObject\",\"inLanguage\":\"ca\",\"@id\":\"https:\/\/www.santpol.edu.es\/#\/schema\/person\/image\/\",\"url\":\"https:\/\/www.santpol.edu.es\/wp-content\/litespeed\/avatar\/3e48ceb013e3dcc49deda32e2b823a70.jpg?ver=1777377023\",\"contentUrl\":\"https:\/\/www.santpol.edu.es\/wp-content\/litespeed\/avatar\/3e48ceb013e3dcc49deda32e2b823a70.jpg?ver=1777377023\",\"caption\":\"administrador\"}}]}<\/script>\n<!-- \/ Yoast SEO plugin. -->","yoast_head_json":{"title":"Jornada de Portes Obertes - EUHT StPOL","robots":{"index":"index","follow":"follow","max-snippet":"max-snippet:-1","max-image-preview":"max-image-preview:large","max-video-preview":"max-video-preview:-1"},"canonical":"https:\/\/www.santpol.edu.es\/ca\/blog\/jornada-de-portes-obertes\/","og_locale":"ca_ES","og_type":"article","og_title":"Jornada de Portes Obertes - EUHT StPOL","og_description":"Si t&#8217;apassiona el m\u00f3n de la hoteleria, la gastronomia i la restauraci\u00f3, vols aprendre, VINE A FORMAR-TE al nostre Hotel-Escola. El proper dissabte 14 d\u2019abril es [\u2026]","og_url":"https:\/\/www.santpol.edu.es\/ca\/blog\/jornada-de-portes-obertes\/","og_site_name":"EUHT StPOL","article_publisher":"https:\/\/www.facebook.com\/EUHTStPOL","article_published_time":"2012-03-29T22:00:00+00:00","og_image":[{"width":448,"height":304,"url":"https:\/\/www.santpol.edu.es\/wp-content\/uploads\/2019\/11\/28.jpg","type":"image\/jpeg"}],"author":"administrador","twitter_card":"summary_large_image","twitter_creator":"@euhtstpol","twitter_site":"@euhtstpol","twitter_misc":{"Escrit per":"administrador"},"schema":{"@context":"https:\/\/schema.org","@graph":[{"@type":"Article","@id":"https:\/\/www.santpol.edu.es\/ca\/blog\/jornada-de-portes-obertes\/#article","isPartOf":{"@id":"https:\/\/www.santpol.edu.es\/ca\/blog\/jornada-de-portes-obertes\/"},"author":{"name":"administrador","@id":"https:\/\/www.santpol.edu.es\/#\/schema\/person\/8d0caa258341c2a053f784650ff61a84"},"headline":"Jornada de Portes Obertes","datePublished":"2012-03-29T22:00:00+00:00","mainEntityOfPage":{"@id":"https:\/\/www.santpol.edu.es\/ca\/blog\/jornada-de-portes-obertes\/"},"wordCount":102,"publisher":{"@id":"https:\/\/www.santpol.edu.es\/#organization"},"image":{"@id":"https:\/\/www.santpol.edu.es\/ca\/blog\/jornada-de-portes-obertes\/#primaryimage"},"thumbnailUrl":"https:\/\/www.santpol.edu.es\/wp-content\/uploads\/2019\/11\/28.jpg","articleSection":["Not\u00edcies Inici"],"inLanguage":"ca"},{"@type":"WebPage","@id":"https:\/\/www.santpol.edu.es\/ca\/blog\/jornada-de-portes-obertes\/","url":"https:\/\/www.santpol.edu.es\/ca\/blog\/jornada-de-portes-obertes\/","name":"Jornada de Portes Obertes - EUHT StPOL","isPartOf":{"@id":"https:\/\/www.santpol.edu.es\/#website"},"primaryImageOfPage":{"@id":"https:\/\/www.santpol.edu.es\/ca\/blog\/jornada-de-portes-obertes\/#primaryimage"},"image":{"@id":"https:\/\/www.santpol.edu.es\/ca\/blog\/jornada-de-portes-obertes\/#primaryimage"},"thumbnailUrl":"https:\/\/www.santpol.edu.es\/wp-content\/uploads\/2019\/11\/28.jpg","datePublished":"2012-03-29T22:00:00+00:00","inLanguage":"ca","potentialAction":[{"@type":"ReadAction","target":["https:\/\/www.santpol.edu.es\/ca\/blog\/jornada-de-portes-obertes\/"]}]},{"@type":"ImageObject","inLanguage":"ca","@id":"https:\/\/www.santpol.edu.es\/ca\/blog\/jornada-de-portes-obertes\/#primaryimage","url":"https:\/\/www.santpol.edu.es\/wp-content\/uploads\/2019\/11\/28.jpg","contentUrl":"https:\/\/www.santpol.edu.es\/wp-content\/uploads\/2019\/11\/28.jpg","width":448,"height":304},{"@type":"WebSite","@id":"https:\/\/www.santpol.edu.es\/#website","url":"https:\/\/www.santpol.edu.es\/","name":"EUHT StPOL","description":"Escuela Universitaria de Hoteler\u00eda y Turismo","publisher":{"@id":"https:\/\/www.santpol.edu.es\/#organization"},"potentialAction":[{"@type":"SearchAction","target":{"@type":"EntryPoint","urlTemplate":"https:\/\/www.santpol.edu.es\/?s={search_term_string}"},"query-input":{"@type":"PropertyValueSpecification","valueRequired":true,"valueName":"search_term_string"}}],"inLanguage":"ca"},{"@type":"Organization","@id":"https:\/\/www.santpol.edu.es\/#organization","name":"EUHT StPOL","url":"https:\/\/www.santpol.edu.es\/","logo":{"@type":"ImageObject","inLanguage":"ca","@id":"https:\/\/www.santpol.edu.es\/#\/schema\/logo\/image\/","url":"https:\/\/santpol.edu.es\/wp-content\/uploads\/2019\/09\/logoweb-santpol.jpg","contentUrl":"https:\/\/santpol.edu.es\/wp-content\/uploads\/2019\/09\/logoweb-santpol.jpg","width":324,"height":81,"caption":"EUHT StPOL"},"image":{"@id":"https:\/\/www.santpol.edu.es\/#\/schema\/logo\/image\/"},"sameAs":["https:\/\/www.facebook.com\/EUHTStPOL","https:\/\/x.com\/euhtstpol","https:\/\/www.instagram.com\/euhtstpol\/","https:\/\/www.linkedin.com\/school\/euhtstpol-barcelona\/mycompany\/","https:\/\/es.pinterest.com\/euhtstpol\/","https:\/\/www.youtube.com\/user\/EUHTStPOL1"]},{"@type":"Person","@id":"https:\/\/www.santpol.edu.es\/#\/schema\/person\/8d0caa258341c2a053f784650ff61a84","name":"administrador","image":{"@type":"ImageObject","inLanguage":"ca","@id":"https:\/\/www.santpol.edu.es\/#\/schema\/person\/image\/","url":"https:\/\/www.santpol.edu.es\/wp-content\/litespeed\/avatar\/3e48ceb013e3dcc49deda32e2b823a70.jpg?ver=1777377023","contentUrl":"https:\/\/www.santpol.edu.es\/wp-content\/litespeed\/avatar\/3e48ceb013e3dcc49deda32e2b823a70.jpg?ver=1777377023","caption":"administrador"}}]}},"_links":{"self":[{"href":"https:\/\/www.santpol.edu.es\/ca\/wp-json\/wp\/v2\/posts\/50017","targetHints":{"allow":["GET"]}}],"collection":[{"href":"https:\/\/www.santpol.edu.es\/ca\/wp-json\/wp\/v2\/posts"}],"about":[{"href":"https:\/\/www.santpol.edu.es\/ca\/wp-json\/wp\/v2\/types\/post"}],"author":[{"embeddable":true,"href":"https:\/\/www.santpol.edu.es\/ca\/wp-json\/wp\/v2\/users\/1"}],"replies":[{"embeddable":true,"href":"https:\/\/www.santpol.edu.es\/ca\/wp-json\/wp\/v2\/comments?post=50017"}],"version-history":[{"count":0,"href":"https:\/\/www.santpol.edu.es\/ca\/wp-json\/wp\/v2\/posts\/50017\/revisions"}],"wp:featuredmedia":[{"embeddable":true,"href":"https:\/\/www.santpol.edu.es\/ca\/wp-json\/wp\/v2\/media\/11860"}],"wp:attachment":[{"href":"https:\/\/www.santpol.edu.es\/ca\/wp-json\/wp\/v2\/media?parent=50017"}],"wp:term":[{"taxonomy":"category","embeddable":true,"href":"https:\/\/www.santpol.edu.es\/ca\/wp-json\/wp\/v2\/categories?post=50017"},{"taxonomy":"post_tag","embeddable":true,"href":"https:\/\/www.santpol.edu.es\/ca\/wp-json\/wp\/v2\/tags?post=50017"}],"curies":[{"name":"wp","href":"https:\/\/api.w.org\/{rel}","templated":true}]}}