{"id":50097,"date":"2013-05-15T00:00:00","date_gmt":"2013-05-14T22:00:00","guid":{"rendered":"https:\/\/www.santpol.edu.es\/euht-stpol-va-participar-al-programa-mati-a-4-bandes-de-radio-4-rtve\/"},"modified":"2013-05-15T00:00:00","modified_gmt":"2013-05-14T22:00:00","slug":"euht-stpol-va-participar-al-programa-mati-a-4-bandes-de-radio-4-rtve","status":"publish","type":"post","link":"https:\/\/www.santpol.edu.es\/ca\/blog\/euht-stpol-va-participar-al-programa-mati-a-4-bandes-de-radio-4-rtve\/","title":{"rendered":"EUHT StPOL va participar al programa &#8220;Mat\u00ed a 4 Bandes&#8221; de R\u00e0dio 4 (rtve)"},"content":{"rendered":"<p>El director de l&#8217;escola, <strong>Llu\u00eds Serra<\/strong>, \u00a0i l&#8217;alumne del <strong>Postgrau en Direcci\u00f3 de Cuina de l&#8217;Escola Universit\u00e0ria d&#8217;Hoteleria i Turisme de Sant Pol de Mar, Vicente G\u00f3mez, <\/strong>van col\u00b7laborar al programa \u00a0&#8216;<strong>Mat\u00ed a 4 Bandes<\/strong>&#8216; de &#8216;<strong>R\u00e0dio 4<\/strong>&#8216; (rtve).<\/p>\n<p>&nbsp;<br \/>\nA l&#8217;espai, que estava dedicat a l&#8217;oferta acad\u00e8mica en gastronomia i cuina a Catalunya, van participar professors, directors i alumnes de diferents escoles i universitats parlant sobre l&#8217;auge del sector al territoria catal\u00e0 i el creixent inter\u00e8s per estudiar programes de cuina, despr\u00e9s dels m\u00e8rits aconseguits pels grans xefs de marca catalana com Ferran Adri\u00e0, els germans Roca, Carme Ruscalleda, entre molts m\u00e9s altres, ressaltant la import\u00e0ncia i necessitat de formar-se i d&#8217;estudiar programes espec\u00edfics per aconseguir millors sortides professionals.<\/p>\n<p>&nbsp;<\/p>\n<div>\nSens dubte, la professi\u00f3 de cuiner passa per un dels seus millors moments, comptant amb el reconeixement social de la poblaci\u00f3 i la consideraci\u00f3 a nivell internacional del treball realitzat a Catalunya. El programa &#8220;Mat\u00ed a 4 bandes&#8221; va voler donar protagonisme i veu als futurs xefs, actuals estudiants, en una tert\u00falia dedicada a la febre de ser cuiner.<\/div>\n<p>&nbsp;<\/p>\n<div>\nActualment, els <strong>programes en cuina i gastronomia<\/strong> que ofereix l&#8217;EUHT StPOL s\u00f3n:<\/div>\n<p>&nbsp;<\/p>\n<div>\n&#8211; <a href=\"http:\/\/santpol.edu.es\/\/estudios\/master-en-artes-culinarias-y-direccion-de-cocina\/?lang=ca\">M\u00e0ster en Arts Culin\u00e0ries i DIrecci\u00f3 de Cuina<\/a><\/div>\n<p>&nbsp;<\/p>\n<div>\n&#8211; <a href=\"http:\/\/santpol.edu.es\/\/estudios\/tecnico-en-gastronomia-y-restauracion\/?lang=ca\">T\u00e8cnic en Gastronomia i Restauraci\u00f3<\/a><\/div>\n<p>&nbsp;<\/p>\n<div>\n&#8211; <a href=\"http:\/\/santpol.edu.es\/\/estudios\/grado-univ-en-gestion-hotelera-y-turistica\/?lang=ca\">Grau en Gesti\u00f3 Hotelera i Tur\u00edstica (Menci\u00f3 gastronomia, restauraci\u00f3 i esdevenimients)<\/a><\/div>\n<p>&nbsp;<\/p>\n<div>\n&#8211; <a href=\"http:\/\/santpol.edu.es\/\/estudios\/cursos-de-especializacion\/?lang=ca\">Cursos d&#8217;especialitzaci\u00f3<\/a><\/div>\n<p>&nbsp;<\/p>\n<div>\n<\/div>\n<p>&nbsp;<\/p>\n<div>\nPodeu escoltar la tert\u00falia clicant sobre la imatge, a partir del minut 17:<\/div>\n<p>&nbsp;<\/p>\n","protected":false},"excerpt":{"rendered":"<p>El director de l&#8217;escola, Llu\u00eds Serra, \u00a0i l&#8217;alumne del Postgrau en Direcci\u00f3 de Cuina de l&#8217;Escola Universit\u00e0ria d&#8217;Hoteleria i Turisme de Sant Pol de Mar, Vicente<span class=\"excerpt-hellip\"> [\u2026]<\/span><\/p>\n","protected":false},"author":1,"featured_media":11940,"comment_status":"closed","ping_status":"closed","sticky":false,"template":"","format":"standard","meta":{"footnotes":""},"categories":[3696],"tags":[],"class_list":["post-50097","post","type-post","status-publish","format-standard","has-post-thumbnail","hentry","category-noticies"],"yoast_head":"<!-- This site is optimized with the Yoast SEO plugin v25.8 - https:\/\/yoast.com\/wordpress\/plugins\/seo\/ -->\n<title>EUHT StPOL va participar al programa &quot;Mat\u00ed a 4 Bandes&quot; de R\u00e0dio 4 (rtve) - EUHT StPOL<\/title>\n<meta name=\"robots\" content=\"index, follow, max-snippet:-1, max-image-preview:large, max-video-preview:-1\" \/>\n<link rel=\"canonical\" href=\"https:\/\/www.santpol.edu.es\/ca\/blog\/euht-stpol-va-participar-al-programa-mati-a-4-bandes-de-radio-4-rtve\/\" \/>\n<meta property=\"og:locale\" content=\"ca_ES\" \/>\n<meta property=\"og:type\" content=\"article\" \/>\n<meta property=\"og:title\" content=\"EUHT StPOL va participar al programa &quot;Mat\u00ed a 4 Bandes&quot; de R\u00e0dio 4 (rtve) - EUHT StPOL\" \/>\n<meta property=\"og:description\" content=\"El director de l&#8217;escola, Llu\u00eds Serra, \u00a0i l&#8217;alumne del Postgrau en Direcci\u00f3 de Cuina de l&#8217;Escola Universit\u00e0ria d&#8217;Hoteleria i Turisme de Sant Pol de Mar, Vicente [\u2026]\" \/>\n<meta property=\"og:url\" content=\"https:\/\/www.santpol.edu.es\/ca\/blog\/euht-stpol-va-participar-al-programa-mati-a-4-bandes-de-radio-4-rtve\/\" \/>\n<meta property=\"og:site_name\" content=\"EUHT StPOL\" \/>\n<meta property=\"article:publisher\" content=\"https:\/\/www.facebook.com\/EUHTStPOL\" \/>\n<meta property=\"article:published_time\" content=\"2013-05-14T22:00:00+00:00\" \/>\n<meta property=\"og:image\" content=\"https:\/\/www.santpol.edu.es\/wp-content\/uploads\/2019\/11\/105.jpg\" \/>\n\t<meta property=\"og:image:width\" content=\"240\" \/>\n\t<meta property=\"og:image:height\" content=\"180\" \/>\n\t<meta property=\"og:image:type\" content=\"image\/jpeg\" \/>\n<meta name=\"author\" content=\"administrador\" \/>\n<meta name=\"twitter:card\" content=\"summary_large_image\" \/>\n<meta name=\"twitter:creator\" content=\"@euhtstpol\" \/>\n<meta name=\"twitter:site\" content=\"@euhtstpol\" \/>\n<meta name=\"twitter:label1\" content=\"Escrit per\" \/>\n\t<meta name=\"twitter:data1\" content=\"administrador\" \/>\n\t<meta name=\"twitter:label2\" content=\"Temps estimat de lectura\" \/>\n\t<meta name=\"twitter:data2\" content=\"1 minut\" \/>\n<script type=\"application\/ld+json\" class=\"yoast-schema-graph\">{\"@context\":\"https:\/\/schema.org\",\"@graph\":[{\"@type\":\"Article\",\"@id\":\"https:\/\/www.santpol.edu.es\/ca\/blog\/euht-stpol-va-participar-al-programa-mati-a-4-bandes-de-radio-4-rtve\/#article\",\"isPartOf\":{\"@id\":\"https:\/\/www.santpol.edu.es\/ca\/blog\/euht-stpol-va-participar-al-programa-mati-a-4-bandes-de-radio-4-rtve\/\"},\"author\":{\"name\":\"administrador\",\"@id\":\"https:\/\/www.santpol.edu.es\/#\/schema\/person\/8d0caa258341c2a053f784650ff61a84\"},\"headline\":\"EUHT StPOL va participar al programa &#8220;Mat\u00ed a 4 Bandes&#8221; de R\u00e0dio 4 (rtve)\",\"datePublished\":\"2013-05-14T22:00:00+00:00\",\"mainEntityOfPage\":{\"@id\":\"https:\/\/www.santpol.edu.es\/ca\/blog\/euht-stpol-va-participar-al-programa-mati-a-4-bandes-de-radio-4-rtve\/\"},\"wordCount\":281,\"publisher\":{\"@id\":\"https:\/\/www.santpol.edu.es\/#organization\"},\"image\":{\"@id\":\"https:\/\/www.santpol.edu.es\/ca\/blog\/euht-stpol-va-participar-al-programa-mati-a-4-bandes-de-radio-4-rtve\/#primaryimage\"},\"thumbnailUrl\":\"https:\/\/www.santpol.edu.es\/wp-content\/uploads\/2019\/11\/105.jpg\",\"articleSection\":[\"Not\u00edcies\"],\"inLanguage\":\"ca\"},{\"@type\":\"WebPage\",\"@id\":\"https:\/\/www.santpol.edu.es\/ca\/blog\/euht-stpol-va-participar-al-programa-mati-a-4-bandes-de-radio-4-rtve\/\",\"url\":\"https:\/\/www.santpol.edu.es\/ca\/blog\/euht-stpol-va-participar-al-programa-mati-a-4-bandes-de-radio-4-rtve\/\",\"name\":\"EUHT StPOL va participar al programa \\\"Mat\u00ed a 4 Bandes\\\" de R\u00e0dio 4 (rtve) - EUHT StPOL\",\"isPartOf\":{\"@id\":\"https:\/\/www.santpol.edu.es\/#website\"},\"primaryImageOfPage\":{\"@id\":\"https:\/\/www.santpol.edu.es\/ca\/blog\/euht-stpol-va-participar-al-programa-mati-a-4-bandes-de-radio-4-rtve\/#primaryimage\"},\"image\":{\"@id\":\"https:\/\/www.santpol.edu.es\/ca\/blog\/euht-stpol-va-participar-al-programa-mati-a-4-bandes-de-radio-4-rtve\/#primaryimage\"},\"thumbnailUrl\":\"https:\/\/www.santpol.edu.es\/wp-content\/uploads\/2019\/11\/105.jpg\",\"datePublished\":\"2013-05-14T22:00:00+00:00\",\"inLanguage\":\"ca\",\"potentialAction\":[{\"@type\":\"ReadAction\",\"target\":[\"https:\/\/www.santpol.edu.es\/ca\/blog\/euht-stpol-va-participar-al-programa-mati-a-4-bandes-de-radio-4-rtve\/\"]}]},{\"@type\":\"ImageObject\",\"inLanguage\":\"ca\",\"@id\":\"https:\/\/www.santpol.edu.es\/ca\/blog\/euht-stpol-va-participar-al-programa-mati-a-4-bandes-de-radio-4-rtve\/#primaryimage\",\"url\":\"https:\/\/www.santpol.edu.es\/wp-content\/uploads\/2019\/11\/105.jpg\",\"contentUrl\":\"https:\/\/www.santpol.edu.es\/wp-content\/uploads\/2019\/11\/105.jpg\",\"width\":240,\"height\":180},{\"@type\":\"WebSite\",\"@id\":\"https:\/\/www.santpol.edu.es\/#website\",\"url\":\"https:\/\/www.santpol.edu.es\/\",\"name\":\"EUHT StPOL\",\"description\":\"Escuela Universitaria de Hoteler\u00eda y Turismo\",\"publisher\":{\"@id\":\"https:\/\/www.santpol.edu.es\/#organization\"},\"potentialAction\":[{\"@type\":\"SearchAction\",\"target\":{\"@type\":\"EntryPoint\",\"urlTemplate\":\"https:\/\/www.santpol.edu.es\/?s={search_term_string}\"},\"query-input\":{\"@type\":\"PropertyValueSpecification\",\"valueRequired\":true,\"valueName\":\"search_term_string\"}}],\"inLanguage\":\"ca\"},{\"@type\":\"Organization\",\"@id\":\"https:\/\/www.santpol.edu.es\/#organization\",\"name\":\"EUHT StPOL\",\"url\":\"https:\/\/www.santpol.edu.es\/\",\"logo\":{\"@type\":\"ImageObject\",\"inLanguage\":\"ca\",\"@id\":\"https:\/\/www.santpol.edu.es\/#\/schema\/logo\/image\/\",\"url\":\"https:\/\/santpol.edu.es\/wp-content\/uploads\/2019\/09\/logoweb-santpol.jpg\",\"contentUrl\":\"https:\/\/santpol.edu.es\/wp-content\/uploads\/2019\/09\/logoweb-santpol.jpg\",\"width\":324,\"height\":81,\"caption\":\"EUHT StPOL\"},\"image\":{\"@id\":\"https:\/\/www.santpol.edu.es\/#\/schema\/logo\/image\/\"},\"sameAs\":[\"https:\/\/www.facebook.com\/EUHTStPOL\",\"https:\/\/x.com\/euhtstpol\",\"https:\/\/www.instagram.com\/euhtstpol\/\",\"https:\/\/www.linkedin.com\/school\/euhtstpol-barcelona\/mycompany\/\",\"https:\/\/es.pinterest.com\/euhtstpol\/\",\"https:\/\/www.youtube.com\/user\/EUHTStPOL1\"]},{\"@type\":\"Person\",\"@id\":\"https:\/\/www.santpol.edu.es\/#\/schema\/person\/8d0caa258341c2a053f784650ff61a84\",\"name\":\"administrador\",\"image\":{\"@type\":\"ImageObject\",\"inLanguage\":\"ca\",\"@id\":\"https:\/\/www.santpol.edu.es\/#\/schema\/person\/image\/\",\"url\":\"https:\/\/www.santpol.edu.es\/wp-content\/litespeed\/avatar\/3e48ceb013e3dcc49deda32e2b823a70.jpg?ver=1777377023\",\"contentUrl\":\"https:\/\/www.santpol.edu.es\/wp-content\/litespeed\/avatar\/3e48ceb013e3dcc49deda32e2b823a70.jpg?ver=1777377023\",\"caption\":\"administrador\"}}]}<\/script>\n<!-- \/ Yoast SEO plugin. -->","yoast_head_json":{"title":"EUHT StPOL va participar al programa \"Mat\u00ed a 4 Bandes\" de R\u00e0dio 4 (rtve) - EUHT StPOL","robots":{"index":"index","follow":"follow","max-snippet":"max-snippet:-1","max-image-preview":"max-image-preview:large","max-video-preview":"max-video-preview:-1"},"canonical":"https:\/\/www.santpol.edu.es\/ca\/blog\/euht-stpol-va-participar-al-programa-mati-a-4-bandes-de-radio-4-rtve\/","og_locale":"ca_ES","og_type":"article","og_title":"EUHT StPOL va participar al programa \"Mat\u00ed a 4 Bandes\" de R\u00e0dio 4 (rtve) - EUHT StPOL","og_description":"El director de l&#8217;escola, Llu\u00eds Serra, \u00a0i l&#8217;alumne del Postgrau en Direcci\u00f3 de Cuina de l&#8217;Escola Universit\u00e0ria d&#8217;Hoteleria i Turisme de Sant Pol de Mar, Vicente [\u2026]","og_url":"https:\/\/www.santpol.edu.es\/ca\/blog\/euht-stpol-va-participar-al-programa-mati-a-4-bandes-de-radio-4-rtve\/","og_site_name":"EUHT StPOL","article_publisher":"https:\/\/www.facebook.com\/EUHTStPOL","article_published_time":"2013-05-14T22:00:00+00:00","og_image":[{"width":240,"height":180,"url":"https:\/\/www.santpol.edu.es\/wp-content\/uploads\/2019\/11\/105.jpg","type":"image\/jpeg"}],"author":"administrador","twitter_card":"summary_large_image","twitter_creator":"@euhtstpol","twitter_site":"@euhtstpol","twitter_misc":{"Escrit per":"administrador","Temps estimat de lectura":"1 minut"},"schema":{"@context":"https:\/\/schema.org","@graph":[{"@type":"Article","@id":"https:\/\/www.santpol.edu.es\/ca\/blog\/euht-stpol-va-participar-al-programa-mati-a-4-bandes-de-radio-4-rtve\/#article","isPartOf":{"@id":"https:\/\/www.santpol.edu.es\/ca\/blog\/euht-stpol-va-participar-al-programa-mati-a-4-bandes-de-radio-4-rtve\/"},"author":{"name":"administrador","@id":"https:\/\/www.santpol.edu.es\/#\/schema\/person\/8d0caa258341c2a053f784650ff61a84"},"headline":"EUHT StPOL va participar al programa &#8220;Mat\u00ed a 4 Bandes&#8221; de R\u00e0dio 4 (rtve)","datePublished":"2013-05-14T22:00:00+00:00","mainEntityOfPage":{"@id":"https:\/\/www.santpol.edu.es\/ca\/blog\/euht-stpol-va-participar-al-programa-mati-a-4-bandes-de-radio-4-rtve\/"},"wordCount":281,"publisher":{"@id":"https:\/\/www.santpol.edu.es\/#organization"},"image":{"@id":"https:\/\/www.santpol.edu.es\/ca\/blog\/euht-stpol-va-participar-al-programa-mati-a-4-bandes-de-radio-4-rtve\/#primaryimage"},"thumbnailUrl":"https:\/\/www.santpol.edu.es\/wp-content\/uploads\/2019\/11\/105.jpg","articleSection":["Not\u00edcies"],"inLanguage":"ca"},{"@type":"WebPage","@id":"https:\/\/www.santpol.edu.es\/ca\/blog\/euht-stpol-va-participar-al-programa-mati-a-4-bandes-de-radio-4-rtve\/","url":"https:\/\/www.santpol.edu.es\/ca\/blog\/euht-stpol-va-participar-al-programa-mati-a-4-bandes-de-radio-4-rtve\/","name":"EUHT StPOL va participar al programa \"Mat\u00ed a 4 Bandes\" de R\u00e0dio 4 (rtve) - EUHT StPOL","isPartOf":{"@id":"https:\/\/www.santpol.edu.es\/#website"},"primaryImageOfPage":{"@id":"https:\/\/www.santpol.edu.es\/ca\/blog\/euht-stpol-va-participar-al-programa-mati-a-4-bandes-de-radio-4-rtve\/#primaryimage"},"image":{"@id":"https:\/\/www.santpol.edu.es\/ca\/blog\/euht-stpol-va-participar-al-programa-mati-a-4-bandes-de-radio-4-rtve\/#primaryimage"},"thumbnailUrl":"https:\/\/www.santpol.edu.es\/wp-content\/uploads\/2019\/11\/105.jpg","datePublished":"2013-05-14T22:00:00+00:00","inLanguage":"ca","potentialAction":[{"@type":"ReadAction","target":["https:\/\/www.santpol.edu.es\/ca\/blog\/euht-stpol-va-participar-al-programa-mati-a-4-bandes-de-radio-4-rtve\/"]}]},{"@type":"ImageObject","inLanguage":"ca","@id":"https:\/\/www.santpol.edu.es\/ca\/blog\/euht-stpol-va-participar-al-programa-mati-a-4-bandes-de-radio-4-rtve\/#primaryimage","url":"https:\/\/www.santpol.edu.es\/wp-content\/uploads\/2019\/11\/105.jpg","contentUrl":"https:\/\/www.santpol.edu.es\/wp-content\/uploads\/2019\/11\/105.jpg","width":240,"height":180},{"@type":"WebSite","@id":"https:\/\/www.santpol.edu.es\/#website","url":"https:\/\/www.santpol.edu.es\/","name":"EUHT StPOL","description":"Escuela Universitaria de Hoteler\u00eda y Turismo","publisher":{"@id":"https:\/\/www.santpol.edu.es\/#organization"},"potentialAction":[{"@type":"SearchAction","target":{"@type":"EntryPoint","urlTemplate":"https:\/\/www.santpol.edu.es\/?s={search_term_string}"},"query-input":{"@type":"PropertyValueSpecification","valueRequired":true,"valueName":"search_term_string"}}],"inLanguage":"ca"},{"@type":"Organization","@id":"https:\/\/www.santpol.edu.es\/#organization","name":"EUHT StPOL","url":"https:\/\/www.santpol.edu.es\/","logo":{"@type":"ImageObject","inLanguage":"ca","@id":"https:\/\/www.santpol.edu.es\/#\/schema\/logo\/image\/","url":"https:\/\/santpol.edu.es\/wp-content\/uploads\/2019\/09\/logoweb-santpol.jpg","contentUrl":"https:\/\/santpol.edu.es\/wp-content\/uploads\/2019\/09\/logoweb-santpol.jpg","width":324,"height":81,"caption":"EUHT StPOL"},"image":{"@id":"https:\/\/www.santpol.edu.es\/#\/schema\/logo\/image\/"},"sameAs":["https:\/\/www.facebook.com\/EUHTStPOL","https:\/\/x.com\/euhtstpol","https:\/\/www.instagram.com\/euhtstpol\/","https:\/\/www.linkedin.com\/school\/euhtstpol-barcelona\/mycompany\/","https:\/\/es.pinterest.com\/euhtstpol\/","https:\/\/www.youtube.com\/user\/EUHTStPOL1"]},{"@type":"Person","@id":"https:\/\/www.santpol.edu.es\/#\/schema\/person\/8d0caa258341c2a053f784650ff61a84","name":"administrador","image":{"@type":"ImageObject","inLanguage":"ca","@id":"https:\/\/www.santpol.edu.es\/#\/schema\/person\/image\/","url":"https:\/\/www.santpol.edu.es\/wp-content\/litespeed\/avatar\/3e48ceb013e3dcc49deda32e2b823a70.jpg?ver=1777377023","contentUrl":"https:\/\/www.santpol.edu.es\/wp-content\/litespeed\/avatar\/3e48ceb013e3dcc49deda32e2b823a70.jpg?ver=1777377023","caption":"administrador"}}]}},"_links":{"self":[{"href":"https:\/\/www.santpol.edu.es\/ca\/wp-json\/wp\/v2\/posts\/50097","targetHints":{"allow":["GET"]}}],"collection":[{"href":"https:\/\/www.santpol.edu.es\/ca\/wp-json\/wp\/v2\/posts"}],"about":[{"href":"https:\/\/www.santpol.edu.es\/ca\/wp-json\/wp\/v2\/types\/post"}],"author":[{"embeddable":true,"href":"https:\/\/www.santpol.edu.es\/ca\/wp-json\/wp\/v2\/users\/1"}],"replies":[{"embeddable":true,"href":"https:\/\/www.santpol.edu.es\/ca\/wp-json\/wp\/v2\/comments?post=50097"}],"version-history":[{"count":0,"href":"https:\/\/www.santpol.edu.es\/ca\/wp-json\/wp\/v2\/posts\/50097\/revisions"}],"wp:featuredmedia":[{"embeddable":true,"href":"https:\/\/www.santpol.edu.es\/ca\/wp-json\/wp\/v2\/media\/11940"}],"wp:attachment":[{"href":"https:\/\/www.santpol.edu.es\/ca\/wp-json\/wp\/v2\/media?parent=50097"}],"wp:term":[{"taxonomy":"category","embeddable":true,"href":"https:\/\/www.santpol.edu.es\/ca\/wp-json\/wp\/v2\/categories?post=50097"},{"taxonomy":"post_tag","embeddable":true,"href":"https:\/\/www.santpol.edu.es\/ca\/wp-json\/wp\/v2\/tags?post=50097"}],"curies":[{"name":"wp","href":"https:\/\/api.w.org\/{rel}","templated":true}]}}