{"id":50361,"date":"2016-12-12T00:00:00","date_gmt":"2016-12-11T23:00:00","guid":{"rendered":"https:\/\/www.santpol.edu.es\/els-alumnes-4t-gght-feliciten-les-festes-nadal\/"},"modified":"2016-12-12T00:00:00","modified_gmt":"2016-12-11T23:00:00","slug":"els-alumnes-4t-gght-feliciten-les-festes-nadal","status":"publish","type":"post","link":"https:\/\/www.santpol.edu.es\/ca\/blog\/els-alumnes-4t-gght-feliciten-les-festes-nadal\/","title":{"rendered":"Els alumnes de 4t de GGHT feliciten les Festes de Nadal"},"content":{"rendered":"<p>&nbsp;<\/p>\n<p><img loading=\"lazy\" decoding=\"async\" class=\"alignleft wp-image-15507 size-thumbnail\" src=\"http:\/\/santpol.edu.es\/wp-content\/uploads\/2016\/12\/NL-Des-CAT-150x150.jpg\" alt=\"\" width=\"150\" height=\"150\" \/>En aquestes dates tan especials, els alumnes de 4t curs del Grau universitari en Gesti\u00f3 Hotelera i Tur\u00edstica han realitzat la seva pr\u00f2pia felicitaci\u00f3 de Nadal, com a part acad\u00e8mica de l&#8217;assignatura &#8220;Relacions P\u00fabliques i Comunicaci\u00f3&#8221;, impartida pel professor Jordi de San Eugenio Vela.<\/p>\n<p>Es tracta de dos v\u00eddeos relacionats, en que han col\u00b7laborat estudiants d&#8217;altres cursos i programes a m\u00e9s de professors.<\/p>\n<p>Ells mateixos ens han enviat aquest extracte:<\/p>\n<p>&nbsp;<\/p>\n<p><em><strong>Com \u00e9s costum a l&#8217;EUHT StPOL, per Nadal els alumnes de quart curs ens ocupem d&#8217;elaborar una felicitaci\u00f3 nadalenca en el marc de l&#8217;assignatura &#8216;Relacions P\u00fabliques i Comunicaci\u00f3&#8217;. A m\u00e9s dels bons desitjos per aquestes festes i per l&#8217;any nou, els estudiants, mitjan\u00e7ant l&#8217;elaboraci\u00f3 d&#8217;aquesta pe\u00e7a audiovisual, pretenem mostrar les caracter\u00edstiques diferencials d&#8217;EUHT StPOL. <\/strong><\/em><\/p>\n<p><em><strong>Aquest any \u00e9s el nostre \u00faltim any a l&#8217;EUHT StPOL i hem volgut aprofitar la tend\u00e8ncia viral del Mannequin Challenge per transmetre a tot el m\u00f3n que tingui 4 minuts lliures qu\u00e8 representa Sant Pol per nosaltres i a la nostra manera. <\/strong><\/em><\/p>\n<p><em><strong>Quan dones el teu primer pas a Sant Pol, la majoria pot estar espantada: lloc nou, lluny de casa&#8230; Deixes enrere moltes coses bones per donar pas a altres potencialment millors, encara que no siguis conscient d&#8217;aquest moment. Per\u00f2 amb el pas dels dies te&#8217;n adones que realment el que est\u00e0s descobrint \u00e9s una nova fam\u00edlia on no esper\u00e0ves trobar-la. Una fam\u00edlia amb la que compartir\u00e0s moments \u00fanics i inolvidables, i aix\u00f2 \u00e9s exactament el que vol\u00edem compartir amb tot el m\u00f3n. <\/strong><\/em><\/p>\n<p><em><strong>Aix\u00ed doncs, els alumnes de 4t de grau d&#8217;EUHT StPOL us convidem a que visqueu amb nosaltres alguns d&#8217;aquests moments irrempla\u00e7ables en el nostre pas per #EUHTStPOL #stpolexperience BON NADAL!!<\/strong><\/em><\/p>\n<p>&nbsp;<\/p>\n<p>Xmas Stories, Felicitaci\u00f3 Nadal alumnes 4t GGHT:<br \/>\n<iframe loading=\"lazy\" src=\"https:\/\/player.vimeo.com\/video\/196445332?byline=0&amp;portrait=0\" width=\"1200\" height=\"675\" frameborder=\"0\" allowfullscreen=\"allowfullscreen\"><\/iframe><\/p>\n<p>&nbsp;<\/p>\n<p>X-Mas Manequinn, Felicitaci\u00f3 Nadal alumnes 4t GGHT:<br \/>\n<iframe loading=\"lazy\" src=\"https:\/\/player.vimeo.com\/video\/196445199?byline=0&amp;portrait=0\" width=\"1200\" height=\"675\" frameborder=\"0\" allowfullscreen=\"allowfullscreen\"><\/iframe><\/p>\n","protected":false},"excerpt":{"rendered":"<p>&nbsp; En aquestes dates tan especials, els alumnes de 4t curs del Grau universitari en Gesti\u00f3 Hotelera i Tur\u00edstica han realitzat la seva pr\u00f2pia felicitaci\u00f3 de<span class=\"excerpt-hellip\"> [\u2026]<\/span><\/p>\n","protected":false},"author":1,"featured_media":26226,"comment_status":"closed","ping_status":"closed","sticky":false,"template":"","format":"standard","meta":{"footnotes":""},"categories":[3696],"tags":[3715],"class_list":["post-50361","post","type-post","status-publish","format-standard","has-post-thumbnail","hentry","category-noticies","tag-nadal"],"yoast_head":"<!-- This site is optimized with the Yoast SEO plugin v25.8 - https:\/\/yoast.com\/wordpress\/plugins\/seo\/ -->\n<title>Els alumnes de 4t de GGHT feliciten les Festes de Nadal - EUHT StPOL<\/title>\n<meta name=\"robots\" content=\"index, follow, max-snippet:-1, max-image-preview:large, max-video-preview:-1\" \/>\n<link rel=\"canonical\" href=\"https:\/\/www.santpol.edu.es\/ca\/blog\/els-alumnes-4t-gght-feliciten-les-festes-nadal\/\" \/>\n<meta property=\"og:locale\" content=\"ca_ES\" \/>\n<meta property=\"og:type\" content=\"article\" \/>\n<meta property=\"og:title\" content=\"Els alumnes de 4t de GGHT feliciten les Festes de Nadal - EUHT StPOL\" \/>\n<meta property=\"og:description\" content=\"&nbsp; En aquestes dates tan especials, els alumnes de 4t curs del Grau universitari en Gesti\u00f3 Hotelera i Tur\u00edstica han realitzat la seva pr\u00f2pia felicitaci\u00f3 de [\u2026]\" \/>\n<meta property=\"og:url\" content=\"https:\/\/www.santpol.edu.es\/ca\/blog\/els-alumnes-4t-gght-feliciten-les-festes-nadal\/\" \/>\n<meta property=\"og:site_name\" content=\"EUHT StPOL\" \/>\n<meta property=\"article:publisher\" content=\"https:\/\/www.facebook.com\/EUHTStPOL\" \/>\n<meta property=\"article:published_time\" content=\"2016-12-11T23:00:00+00:00\" \/>\n<meta property=\"og:image\" content=\"https:\/\/www.santpol.edu.es\/wp-content\/uploads\/2019\/10\/NL-Des-CAT.jpg\" \/>\n\t<meta property=\"og:image:width\" content=\"1144\" \/>\n\t<meta property=\"og:image:height\" content=\"600\" \/>\n\t<meta property=\"og:image:type\" content=\"image\/jpeg\" \/>\n<meta name=\"author\" content=\"administrador\" \/>\n<meta name=\"twitter:card\" content=\"summary_large_image\" \/>\n<meta name=\"twitter:creator\" content=\"@euhtstpol\" \/>\n<meta name=\"twitter:site\" content=\"@euhtstpol\" \/>\n<meta name=\"twitter:label1\" content=\"Escrit per\" \/>\n\t<meta name=\"twitter:data1\" content=\"administrador\" \/>\n\t<meta name=\"twitter:label2\" content=\"Temps estimat de lectura\" \/>\n\t<meta name=\"twitter:data2\" content=\"2 minuts\" \/>\n<script type=\"application\/ld+json\" class=\"yoast-schema-graph\">{\"@context\":\"https:\/\/schema.org\",\"@graph\":[{\"@type\":\"Article\",\"@id\":\"https:\/\/www.santpol.edu.es\/ca\/blog\/els-alumnes-4t-gght-feliciten-les-festes-nadal\/#article\",\"isPartOf\":{\"@id\":\"https:\/\/www.santpol.edu.es\/ca\/blog\/els-alumnes-4t-gght-feliciten-les-festes-nadal\/\"},\"author\":{\"name\":\"administrador\",\"@id\":\"https:\/\/www.santpol.edu.es\/#\/schema\/person\/8d0caa258341c2a053f784650ff61a84\"},\"headline\":\"Els alumnes de 4t de GGHT feliciten les Festes de Nadal\",\"datePublished\":\"2016-12-11T23:00:00+00:00\",\"mainEntityOfPage\":{\"@id\":\"https:\/\/www.santpol.edu.es\/ca\/blog\/els-alumnes-4t-gght-feliciten-les-festes-nadal\/\"},\"wordCount\":342,\"publisher\":{\"@id\":\"https:\/\/www.santpol.edu.es\/#organization\"},\"image\":{\"@id\":\"https:\/\/www.santpol.edu.es\/ca\/blog\/els-alumnes-4t-gght-feliciten-les-festes-nadal\/#primaryimage\"},\"thumbnailUrl\":\"https:\/\/www.santpol.edu.es\/wp-content\/uploads\/2019\/10\/NL-Des-CAT.jpg\",\"keywords\":[\"Nadal\"],\"articleSection\":[\"Not\u00edcies\"],\"inLanguage\":\"ca\"},{\"@type\":\"WebPage\",\"@id\":\"https:\/\/www.santpol.edu.es\/ca\/blog\/els-alumnes-4t-gght-feliciten-les-festes-nadal\/\",\"url\":\"https:\/\/www.santpol.edu.es\/ca\/blog\/els-alumnes-4t-gght-feliciten-les-festes-nadal\/\",\"name\":\"Els alumnes de 4t de GGHT feliciten les Festes de Nadal - EUHT StPOL\",\"isPartOf\":{\"@id\":\"https:\/\/www.santpol.edu.es\/#website\"},\"primaryImageOfPage\":{\"@id\":\"https:\/\/www.santpol.edu.es\/ca\/blog\/els-alumnes-4t-gght-feliciten-les-festes-nadal\/#primaryimage\"},\"image\":{\"@id\":\"https:\/\/www.santpol.edu.es\/ca\/blog\/els-alumnes-4t-gght-feliciten-les-festes-nadal\/#primaryimage\"},\"thumbnailUrl\":\"https:\/\/www.santpol.edu.es\/wp-content\/uploads\/2019\/10\/NL-Des-CAT.jpg\",\"datePublished\":\"2016-12-11T23:00:00+00:00\",\"inLanguage\":\"ca\",\"potentialAction\":[{\"@type\":\"ReadAction\",\"target\":[\"https:\/\/www.santpol.edu.es\/ca\/blog\/els-alumnes-4t-gght-feliciten-les-festes-nadal\/\"]}]},{\"@type\":\"ImageObject\",\"inLanguage\":\"ca\",\"@id\":\"https:\/\/www.santpol.edu.es\/ca\/blog\/els-alumnes-4t-gght-feliciten-les-festes-nadal\/#primaryimage\",\"url\":\"https:\/\/www.santpol.edu.es\/wp-content\/uploads\/2019\/10\/NL-Des-CAT.jpg\",\"contentUrl\":\"https:\/\/www.santpol.edu.es\/wp-content\/uploads\/2019\/10\/NL-Des-CAT.jpg\",\"width\":1144,\"height\":600},{\"@type\":\"WebSite\",\"@id\":\"https:\/\/www.santpol.edu.es\/#website\",\"url\":\"https:\/\/www.santpol.edu.es\/\",\"name\":\"EUHT StPOL\",\"description\":\"Escuela Universitaria de Hoteler\u00eda y Turismo\",\"publisher\":{\"@id\":\"https:\/\/www.santpol.edu.es\/#organization\"},\"potentialAction\":[{\"@type\":\"SearchAction\",\"target\":{\"@type\":\"EntryPoint\",\"urlTemplate\":\"https:\/\/www.santpol.edu.es\/?s={search_term_string}\"},\"query-input\":{\"@type\":\"PropertyValueSpecification\",\"valueRequired\":true,\"valueName\":\"search_term_string\"}}],\"inLanguage\":\"ca\"},{\"@type\":\"Organization\",\"@id\":\"https:\/\/www.santpol.edu.es\/#organization\",\"name\":\"EUHT StPOL\",\"url\":\"https:\/\/www.santpol.edu.es\/\",\"logo\":{\"@type\":\"ImageObject\",\"inLanguage\":\"ca\",\"@id\":\"https:\/\/www.santpol.edu.es\/#\/schema\/logo\/image\/\",\"url\":\"https:\/\/santpol.edu.es\/wp-content\/uploads\/2019\/09\/logoweb-santpol.jpg\",\"contentUrl\":\"https:\/\/santpol.edu.es\/wp-content\/uploads\/2019\/09\/logoweb-santpol.jpg\",\"width\":324,\"height\":81,\"caption\":\"EUHT StPOL\"},\"image\":{\"@id\":\"https:\/\/www.santpol.edu.es\/#\/schema\/logo\/image\/\"},\"sameAs\":[\"https:\/\/www.facebook.com\/EUHTStPOL\",\"https:\/\/x.com\/euhtstpol\",\"https:\/\/www.instagram.com\/euhtstpol\/\",\"https:\/\/www.linkedin.com\/school\/euhtstpol-barcelona\/mycompany\/\",\"https:\/\/es.pinterest.com\/euhtstpol\/\",\"https:\/\/www.youtube.com\/user\/EUHTStPOL1\"]},{\"@type\":\"Person\",\"@id\":\"https:\/\/www.santpol.edu.es\/#\/schema\/person\/8d0caa258341c2a053f784650ff61a84\",\"name\":\"administrador\",\"image\":{\"@type\":\"ImageObject\",\"inLanguage\":\"ca\",\"@id\":\"https:\/\/www.santpol.edu.es\/#\/schema\/person\/image\/\",\"url\":\"https:\/\/www.santpol.edu.es\/wp-content\/litespeed\/avatar\/3e48ceb013e3dcc49deda32e2b823a70.jpg?ver=1777377023\",\"contentUrl\":\"https:\/\/www.santpol.edu.es\/wp-content\/litespeed\/avatar\/3e48ceb013e3dcc49deda32e2b823a70.jpg?ver=1777377023\",\"caption\":\"administrador\"}}]}<\/script>\n<!-- \/ Yoast SEO plugin. -->","yoast_head_json":{"title":"Els alumnes de 4t de GGHT feliciten les Festes de Nadal - EUHT StPOL","robots":{"index":"index","follow":"follow","max-snippet":"max-snippet:-1","max-image-preview":"max-image-preview:large","max-video-preview":"max-video-preview:-1"},"canonical":"https:\/\/www.santpol.edu.es\/ca\/blog\/els-alumnes-4t-gght-feliciten-les-festes-nadal\/","og_locale":"ca_ES","og_type":"article","og_title":"Els alumnes de 4t de GGHT feliciten les Festes de Nadal - EUHT StPOL","og_description":"&nbsp; En aquestes dates tan especials, els alumnes de 4t curs del Grau universitari en Gesti\u00f3 Hotelera i Tur\u00edstica han realitzat la seva pr\u00f2pia felicitaci\u00f3 de [\u2026]","og_url":"https:\/\/www.santpol.edu.es\/ca\/blog\/els-alumnes-4t-gght-feliciten-les-festes-nadal\/","og_site_name":"EUHT StPOL","article_publisher":"https:\/\/www.facebook.com\/EUHTStPOL","article_published_time":"2016-12-11T23:00:00+00:00","og_image":[{"width":1144,"height":600,"url":"https:\/\/www.santpol.edu.es\/wp-content\/uploads\/2019\/10\/NL-Des-CAT.jpg","type":"image\/jpeg"}],"author":"administrador","twitter_card":"summary_large_image","twitter_creator":"@euhtstpol","twitter_site":"@euhtstpol","twitter_misc":{"Escrit per":"administrador","Temps estimat de lectura":"2 minuts"},"schema":{"@context":"https:\/\/schema.org","@graph":[{"@type":"Article","@id":"https:\/\/www.santpol.edu.es\/ca\/blog\/els-alumnes-4t-gght-feliciten-les-festes-nadal\/#article","isPartOf":{"@id":"https:\/\/www.santpol.edu.es\/ca\/blog\/els-alumnes-4t-gght-feliciten-les-festes-nadal\/"},"author":{"name":"administrador","@id":"https:\/\/www.santpol.edu.es\/#\/schema\/person\/8d0caa258341c2a053f784650ff61a84"},"headline":"Els alumnes de 4t de GGHT feliciten les Festes de Nadal","datePublished":"2016-12-11T23:00:00+00:00","mainEntityOfPage":{"@id":"https:\/\/www.santpol.edu.es\/ca\/blog\/els-alumnes-4t-gght-feliciten-les-festes-nadal\/"},"wordCount":342,"publisher":{"@id":"https:\/\/www.santpol.edu.es\/#organization"},"image":{"@id":"https:\/\/www.santpol.edu.es\/ca\/blog\/els-alumnes-4t-gght-feliciten-les-festes-nadal\/#primaryimage"},"thumbnailUrl":"https:\/\/www.santpol.edu.es\/wp-content\/uploads\/2019\/10\/NL-Des-CAT.jpg","keywords":["Nadal"],"articleSection":["Not\u00edcies"],"inLanguage":"ca"},{"@type":"WebPage","@id":"https:\/\/www.santpol.edu.es\/ca\/blog\/els-alumnes-4t-gght-feliciten-les-festes-nadal\/","url":"https:\/\/www.santpol.edu.es\/ca\/blog\/els-alumnes-4t-gght-feliciten-les-festes-nadal\/","name":"Els alumnes de 4t de GGHT feliciten les Festes de Nadal - EUHT StPOL","isPartOf":{"@id":"https:\/\/www.santpol.edu.es\/#website"},"primaryImageOfPage":{"@id":"https:\/\/www.santpol.edu.es\/ca\/blog\/els-alumnes-4t-gght-feliciten-les-festes-nadal\/#primaryimage"},"image":{"@id":"https:\/\/www.santpol.edu.es\/ca\/blog\/els-alumnes-4t-gght-feliciten-les-festes-nadal\/#primaryimage"},"thumbnailUrl":"https:\/\/www.santpol.edu.es\/wp-content\/uploads\/2019\/10\/NL-Des-CAT.jpg","datePublished":"2016-12-11T23:00:00+00:00","inLanguage":"ca","potentialAction":[{"@type":"ReadAction","target":["https:\/\/www.santpol.edu.es\/ca\/blog\/els-alumnes-4t-gght-feliciten-les-festes-nadal\/"]}]},{"@type":"ImageObject","inLanguage":"ca","@id":"https:\/\/www.santpol.edu.es\/ca\/blog\/els-alumnes-4t-gght-feliciten-les-festes-nadal\/#primaryimage","url":"https:\/\/www.santpol.edu.es\/wp-content\/uploads\/2019\/10\/NL-Des-CAT.jpg","contentUrl":"https:\/\/www.santpol.edu.es\/wp-content\/uploads\/2019\/10\/NL-Des-CAT.jpg","width":1144,"height":600},{"@type":"WebSite","@id":"https:\/\/www.santpol.edu.es\/#website","url":"https:\/\/www.santpol.edu.es\/","name":"EUHT StPOL","description":"Escuela Universitaria de Hoteler\u00eda y Turismo","publisher":{"@id":"https:\/\/www.santpol.edu.es\/#organization"},"potentialAction":[{"@type":"SearchAction","target":{"@type":"EntryPoint","urlTemplate":"https:\/\/www.santpol.edu.es\/?s={search_term_string}"},"query-input":{"@type":"PropertyValueSpecification","valueRequired":true,"valueName":"search_term_string"}}],"inLanguage":"ca"},{"@type":"Organization","@id":"https:\/\/www.santpol.edu.es\/#organization","name":"EUHT StPOL","url":"https:\/\/www.santpol.edu.es\/","logo":{"@type":"ImageObject","inLanguage":"ca","@id":"https:\/\/www.santpol.edu.es\/#\/schema\/logo\/image\/","url":"https:\/\/santpol.edu.es\/wp-content\/uploads\/2019\/09\/logoweb-santpol.jpg","contentUrl":"https:\/\/santpol.edu.es\/wp-content\/uploads\/2019\/09\/logoweb-santpol.jpg","width":324,"height":81,"caption":"EUHT StPOL"},"image":{"@id":"https:\/\/www.santpol.edu.es\/#\/schema\/logo\/image\/"},"sameAs":["https:\/\/www.facebook.com\/EUHTStPOL","https:\/\/x.com\/euhtstpol","https:\/\/www.instagram.com\/euhtstpol\/","https:\/\/www.linkedin.com\/school\/euhtstpol-barcelona\/mycompany\/","https:\/\/es.pinterest.com\/euhtstpol\/","https:\/\/www.youtube.com\/user\/EUHTStPOL1"]},{"@type":"Person","@id":"https:\/\/www.santpol.edu.es\/#\/schema\/person\/8d0caa258341c2a053f784650ff61a84","name":"administrador","image":{"@type":"ImageObject","inLanguage":"ca","@id":"https:\/\/www.santpol.edu.es\/#\/schema\/person\/image\/","url":"https:\/\/www.santpol.edu.es\/wp-content\/litespeed\/avatar\/3e48ceb013e3dcc49deda32e2b823a70.jpg?ver=1777377023","contentUrl":"https:\/\/www.santpol.edu.es\/wp-content\/litespeed\/avatar\/3e48ceb013e3dcc49deda32e2b823a70.jpg?ver=1777377023","caption":"administrador"}}]}},"_links":{"self":[{"href":"https:\/\/www.santpol.edu.es\/ca\/wp-json\/wp\/v2\/posts\/50361","targetHints":{"allow":["GET"]}}],"collection":[{"href":"https:\/\/www.santpol.edu.es\/ca\/wp-json\/wp\/v2\/posts"}],"about":[{"href":"https:\/\/www.santpol.edu.es\/ca\/wp-json\/wp\/v2\/types\/post"}],"author":[{"embeddable":true,"href":"https:\/\/www.santpol.edu.es\/ca\/wp-json\/wp\/v2\/users\/1"}],"replies":[{"embeddable":true,"href":"https:\/\/www.santpol.edu.es\/ca\/wp-json\/wp\/v2\/comments?post=50361"}],"version-history":[{"count":0,"href":"https:\/\/www.santpol.edu.es\/ca\/wp-json\/wp\/v2\/posts\/50361\/revisions"}],"wp:featuredmedia":[{"embeddable":true,"href":"https:\/\/www.santpol.edu.es\/ca\/wp-json\/wp\/v2\/media\/26226"}],"wp:attachment":[{"href":"https:\/\/www.santpol.edu.es\/ca\/wp-json\/wp\/v2\/media?parent=50361"}],"wp:term":[{"taxonomy":"category","embeddable":true,"href":"https:\/\/www.santpol.edu.es\/ca\/wp-json\/wp\/v2\/categories?post=50361"},{"taxonomy":"post_tag","embeddable":true,"href":"https:\/\/www.santpol.edu.es\/ca\/wp-json\/wp\/v2\/tags?post=50361"}],"curies":[{"name":"wp","href":"https:\/\/api.w.org\/{rel}","templated":true}]}}