{"id":50440,"date":"2017-06-15T00:00:00","date_gmt":"2017-06-14T22:00:00","guid":{"rendered":"https:\/\/www.santpol.edu.es\/euht-stpol-participa-la-muestra-gastronomica-sant-pol\/"},"modified":"2017-06-15T00:00:00","modified_gmt":"2017-06-14T22:00:00","slug":"euht-stpol-participa-la-muestra-gastronomica-sant-pol","status":"publish","type":"post","link":"https:\/\/www.santpol.edu.es\/ca\/blog\/euht-stpol-participa-la-muestra-gastronomica-sant-pol\/","title":{"rendered":"EUHT StPOL participa a la Mostra Gastron\u00f2mica de Sant Pol"},"content":{"rendered":"<p>[vc_row][vc_column][vc_column_text]<\/p>\n<h3><\/h3>\n<h3>Aquest cap de setmana es celebra la quarta edici\u00f3 de l\u2019esdeveniment que reuneix una vintena de restaurants i establiments del poble<\/h3>\n<p>&nbsp;<\/p>\n<p><a href=\"http:\/\/santpol.edu.es\/wp-content\/uploads\/2017\/06\/IMG_5157.jpg\" rel=\"attachment wp-att-16714\"><img loading=\"lazy\" decoding=\"async\" class=\"size-medium wp-image-16714 alignleft\" src=\"http:\/\/santpol.edu.es\/wp-content\/uploads\/2017\/06\/IMG_5157-300x225.jpg\" alt=\"IMG_5157\" width=\"300\" height=\"225\" \/><\/a>L\u2019<strong>Escola Universit\u00e0ria d\u2019Hoteleria i Turisme (EUHT StPOL)<\/strong> ultima els detalls del men\u00fa que presentar\u00e0 a la quarta edici\u00f3 de la<strong> Mostra Gastron\u00f2mica<\/strong> de Sant Pol que es celebra aquest cap de setmana al Parc del Litoral. L\u2019acte, organitzat per l\u2019<a href=\"https:\/\/santpol.cat\/noticies\/2017-06-12\/sant-pol-prepara-la-seva-4a-mostra-gastronomica-plenament-consolidada?utm_source=newsletter&amp;utm_medium=email&amp;utm_campaign=Setmana%25252520del%2525252012%25252520al%2525252018%25252520de%25252520juny\" target=\"_blank\" rel=\"noopener noreferrer\"><strong>Ajuntament de Sant Pol de Mar<\/strong><\/a>, pret\u00e9n donar a con\u00e8ixer la <strong>gastronomia local<\/strong> a nivell de tota la comarca a partir d\u2019un tast dels millors <strong>productes<\/strong> i dels plats m\u00e9s representatius del poble.<\/p>\n<p><a href=\"http:\/\/santpol.edu.es\/wp-content\/uploads\/2017\/06\/IMG_5156.jpg\" rel=\"attachment wp-att-16715\"><img loading=\"lazy\" decoding=\"async\" class=\"size-medium wp-image-16715 alignright\" src=\"http:\/\/santpol.edu.es\/wp-content\/uploads\/2017\/06\/IMG_5156-225x300.jpg\" alt=\"IMG_5156\" width=\"225\" height=\"300\" \/><\/a><\/p>\n<p>L\u2019<strong>EUHT StPOL<\/strong> vol conquistar l\u2019est\u00f3mac dels m\u00e9s de <strong>2000 visitants<\/strong> que s\u2019hi esperen amb la seg\u00fcent proposta: un <em>gaspatxo de pr\u00e9ssec vermell d\u2019estiu<\/em> i <em>Bao (pa xin\u00e8s al vapor) mar i muntanya amb aromes orientals<\/em>. Aquest segon plat est\u00e0 pensat perqu\u00e8 tamb\u00e9 en puguin gaudir les persones <strong>cel\u00edaques<\/strong>.<\/p>\n<p>A m\u00e9s a m\u00e9s, l\u2019<strong>EUHT StPOL<\/strong> ser\u00e0 l\u2019encarregada de donar el tret de sortida a la Mostra el <strong>divendres<\/strong> dia 16 a les<strong> 18.30h<\/strong>. Ho far\u00e0 amb un <strong>c\u00f2ctel<\/strong> de benvinguda; un <em>mojito<\/em> ben fresc per a tots aquells que hi assisteixin.<\/p>\n<p>La <strong>Mostra Gastron\u00f2mica<\/strong> s\u2019allargar\u00e0 fins diumenge i comptar\u00e0 amb la participaci\u00f3 d\u2019una vintena de restaurants i establiments. Oferir\u00e0, tamb\u00e9, <strong>tallers<\/strong> de cuina pels m\u00e9s petits i <strong>tasts<\/strong> de vins pels adults. No hi faltar\u00e0, com cada any, la <strong>m\u00fasica<\/strong>, que tindr\u00e0 el jazz com a protagonista.<\/p>\n<p>Descarrega el programa <a href=\"http:\/\/santpol.edu.es\/wp-content\/uploads\/2017\/06\/diptic_4amostra_gastro_web-1.pdf\" target=\"_blank\" rel=\"noopener noreferrer\">aqu\u00ed<\/a>.[\/vc_column_text][\/vc_column][\/vc_row]<\/p>\n","protected":false},"excerpt":{"rendered":"<p>[vc_row][vc_column][vc_column_text] Aquest cap de setmana es celebra la quarta edici\u00f3 de l\u2019esdeveniment que reuneix una vintena de restaurants i establiments del poble &nbsp; L\u2019Escola Universit\u00e0ria d\u2019Hoteleria<span class=\"excerpt-hellip\"> [\u2026]<\/span><\/p>\n","protected":false},"author":1,"featured_media":4073,"comment_status":"closed","ping_status":"closed","sticky":false,"template":"","format":"standard","meta":{"footnotes":""},"categories":[1934,3696,3697],"tags":[3746,3747,3456,3457,3748,3749],"class_list":["post-50440","post","type-post","status-publish","format-standard","has-post-thumbnail","hentry","category-noticias-euht-stpol","category-noticies","category-noticies-inici","tag-degustacions","tag-mostra-gastronomica","tag-muestra-gastronomica","tag-talleres","tag-tallers","tag-tast"],"yoast_head":"<!-- This site is optimized with the Yoast SEO plugin v25.8 - https:\/\/yoast.com\/wordpress\/plugins\/seo\/ -->\n<title>EUHT StPOL participa a la Mostra Gastron\u00f2mica de Sant Pol - EUHT StPOL<\/title>\n<meta name=\"robots\" content=\"index, follow, max-snippet:-1, max-image-preview:large, max-video-preview:-1\" \/>\n<link rel=\"canonical\" href=\"https:\/\/www.santpol.edu.es\/ca\/blog\/euht-stpol-participa-la-muestra-gastronomica-sant-pol\/\" \/>\n<meta property=\"og:locale\" content=\"ca_ES\" \/>\n<meta property=\"og:type\" content=\"article\" \/>\n<meta property=\"og:title\" content=\"EUHT StPOL participa a la Mostra Gastron\u00f2mica de Sant Pol - EUHT StPOL\" \/>\n<meta property=\"og:description\" content=\"[vc_row][vc_column][vc_column_text] Aquest cap de setmana es celebra la quarta edici\u00f3 de l\u2019esdeveniment que reuneix una vintena de restaurants i establiments del poble &nbsp; L\u2019Escola Universit\u00e0ria d\u2019Hoteleria [\u2026]\" \/>\n<meta property=\"og:url\" content=\"https:\/\/www.santpol.edu.es\/ca\/blog\/euht-stpol-participa-la-muestra-gastronomica-sant-pol\/\" \/>\n<meta property=\"og:site_name\" content=\"EUHT StPOL\" \/>\n<meta property=\"article:publisher\" content=\"https:\/\/www.facebook.com\/EUHTStPOL\" \/>\n<meta property=\"article:published_time\" content=\"2017-06-14T22:00:00+00:00\" \/>\n<meta property=\"og:image\" content=\"https:\/\/www.santpol.edu.es\/wp-content\/uploads\/2019\/10\/IMG_5157.jpg\" \/>\n\t<meta property=\"og:image:width\" content=\"1200\" \/>\n\t<meta property=\"og:image:height\" content=\"900\" \/>\n\t<meta property=\"og:image:type\" content=\"image\/jpeg\" \/>\n<meta name=\"author\" content=\"administrador\" \/>\n<meta name=\"twitter:card\" content=\"summary_large_image\" \/>\n<meta name=\"twitter:creator\" content=\"@euhtstpol\" \/>\n<meta name=\"twitter:site\" content=\"@euhtstpol\" \/>\n<meta name=\"twitter:label1\" content=\"Escrit per\" \/>\n\t<meta name=\"twitter:data1\" content=\"administrador\" \/>\n\t<meta name=\"twitter:label2\" content=\"Temps estimat de lectura\" \/>\n\t<meta name=\"twitter:data2\" content=\"1 minut\" \/>\n<script type=\"application\/ld+json\" class=\"yoast-schema-graph\">{\"@context\":\"https:\/\/schema.org\",\"@graph\":[{\"@type\":\"Article\",\"@id\":\"https:\/\/www.santpol.edu.es\/ca\/blog\/euht-stpol-participa-la-muestra-gastronomica-sant-pol\/#article\",\"isPartOf\":{\"@id\":\"https:\/\/www.santpol.edu.es\/ca\/blog\/euht-stpol-participa-la-muestra-gastronomica-sant-pol\/\"},\"author\":{\"name\":\"administrador\",\"@id\":\"https:\/\/www.santpol.edu.es\/#\/schema\/person\/8d0caa258341c2a053f784650ff61a84\"},\"headline\":\"EUHT StPOL participa a la Mostra Gastron\u00f2mica de Sant Pol\",\"datePublished\":\"2017-06-14T22:00:00+00:00\",\"mainEntityOfPage\":{\"@id\":\"https:\/\/www.santpol.edu.es\/ca\/blog\/euht-stpol-participa-la-muestra-gastronomica-sant-pol\/\"},\"wordCount\":288,\"publisher\":{\"@id\":\"https:\/\/www.santpol.edu.es\/#organization\"},\"image\":{\"@id\":\"https:\/\/www.santpol.edu.es\/ca\/blog\/euht-stpol-participa-la-muestra-gastronomica-sant-pol\/#primaryimage\"},\"thumbnailUrl\":\"https:\/\/www.santpol.edu.es\/wp-content\/uploads\/2019\/10\/IMG_5157.jpg\",\"keywords\":[\"degustacions\",\"Mostra Gastron\u00f2mica\",\"Muestra Gastron\u00f3mica\",\"talleres\",\"tallers\",\"tast\"],\"articleSection\":[\"noticias EUHT StPOL\",\"Not\u00edcies\",\"Not\u00edcies Inici\"],\"inLanguage\":\"ca\"},{\"@type\":\"WebPage\",\"@id\":\"https:\/\/www.santpol.edu.es\/ca\/blog\/euht-stpol-participa-la-muestra-gastronomica-sant-pol\/\",\"url\":\"https:\/\/www.santpol.edu.es\/ca\/blog\/euht-stpol-participa-la-muestra-gastronomica-sant-pol\/\",\"name\":\"EUHT StPOL participa a la Mostra Gastron\u00f2mica de Sant Pol - EUHT StPOL\",\"isPartOf\":{\"@id\":\"https:\/\/www.santpol.edu.es\/#website\"},\"primaryImageOfPage\":{\"@id\":\"https:\/\/www.santpol.edu.es\/ca\/blog\/euht-stpol-participa-la-muestra-gastronomica-sant-pol\/#primaryimage\"},\"image\":{\"@id\":\"https:\/\/www.santpol.edu.es\/ca\/blog\/euht-stpol-participa-la-muestra-gastronomica-sant-pol\/#primaryimage\"},\"thumbnailUrl\":\"https:\/\/www.santpol.edu.es\/wp-content\/uploads\/2019\/10\/IMG_5157.jpg\",\"datePublished\":\"2017-06-14T22:00:00+00:00\",\"inLanguage\":\"ca\",\"potentialAction\":[{\"@type\":\"ReadAction\",\"target\":[\"https:\/\/www.santpol.edu.es\/ca\/blog\/euht-stpol-participa-la-muestra-gastronomica-sant-pol\/\"]}]},{\"@type\":\"ImageObject\",\"inLanguage\":\"ca\",\"@id\":\"https:\/\/www.santpol.edu.es\/ca\/blog\/euht-stpol-participa-la-muestra-gastronomica-sant-pol\/#primaryimage\",\"url\":\"https:\/\/www.santpol.edu.es\/wp-content\/uploads\/2019\/10\/IMG_5157.jpg\",\"contentUrl\":\"https:\/\/www.santpol.edu.es\/wp-content\/uploads\/2019\/10\/IMG_5157.jpg\",\"width\":1200,\"height\":900},{\"@type\":\"WebSite\",\"@id\":\"https:\/\/www.santpol.edu.es\/#website\",\"url\":\"https:\/\/www.santpol.edu.es\/\",\"name\":\"EUHT StPOL\",\"description\":\"Escuela Universitaria de Hoteler\u00eda y Turismo\",\"publisher\":{\"@id\":\"https:\/\/www.santpol.edu.es\/#organization\"},\"potentialAction\":[{\"@type\":\"SearchAction\",\"target\":{\"@type\":\"EntryPoint\",\"urlTemplate\":\"https:\/\/www.santpol.edu.es\/?s={search_term_string}\"},\"query-input\":{\"@type\":\"PropertyValueSpecification\",\"valueRequired\":true,\"valueName\":\"search_term_string\"}}],\"inLanguage\":\"ca\"},{\"@type\":\"Organization\",\"@id\":\"https:\/\/www.santpol.edu.es\/#organization\",\"name\":\"EUHT StPOL\",\"url\":\"https:\/\/www.santpol.edu.es\/\",\"logo\":{\"@type\":\"ImageObject\",\"inLanguage\":\"ca\",\"@id\":\"https:\/\/www.santpol.edu.es\/#\/schema\/logo\/image\/\",\"url\":\"https:\/\/santpol.edu.es\/wp-content\/uploads\/2019\/09\/logoweb-santpol.jpg\",\"contentUrl\":\"https:\/\/santpol.edu.es\/wp-content\/uploads\/2019\/09\/logoweb-santpol.jpg\",\"width\":324,\"height\":81,\"caption\":\"EUHT StPOL\"},\"image\":{\"@id\":\"https:\/\/www.santpol.edu.es\/#\/schema\/logo\/image\/\"},\"sameAs\":[\"https:\/\/www.facebook.com\/EUHTStPOL\",\"https:\/\/x.com\/euhtstpol\",\"https:\/\/www.instagram.com\/euhtstpol\/\",\"https:\/\/www.linkedin.com\/school\/euhtstpol-barcelona\/mycompany\/\",\"https:\/\/es.pinterest.com\/euhtstpol\/\",\"https:\/\/www.youtube.com\/user\/EUHTStPOL1\"]},{\"@type\":\"Person\",\"@id\":\"https:\/\/www.santpol.edu.es\/#\/schema\/person\/8d0caa258341c2a053f784650ff61a84\",\"name\":\"administrador\",\"image\":{\"@type\":\"ImageObject\",\"inLanguage\":\"ca\",\"@id\":\"https:\/\/www.santpol.edu.es\/#\/schema\/person\/image\/\",\"url\":\"https:\/\/www.santpol.edu.es\/wp-content\/litespeed\/avatar\/3e48ceb013e3dcc49deda32e2b823a70.jpg?ver=1777377023\",\"contentUrl\":\"https:\/\/www.santpol.edu.es\/wp-content\/litespeed\/avatar\/3e48ceb013e3dcc49deda32e2b823a70.jpg?ver=1777377023\",\"caption\":\"administrador\"}}]}<\/script>\n<!-- \/ Yoast SEO plugin. -->","yoast_head_json":{"title":"EUHT StPOL participa a la Mostra Gastron\u00f2mica de Sant Pol - EUHT StPOL","robots":{"index":"index","follow":"follow","max-snippet":"max-snippet:-1","max-image-preview":"max-image-preview:large","max-video-preview":"max-video-preview:-1"},"canonical":"https:\/\/www.santpol.edu.es\/ca\/blog\/euht-stpol-participa-la-muestra-gastronomica-sant-pol\/","og_locale":"ca_ES","og_type":"article","og_title":"EUHT StPOL participa a la Mostra Gastron\u00f2mica de Sant Pol - EUHT StPOL","og_description":"[vc_row][vc_column][vc_column_text] Aquest cap de setmana es celebra la quarta edici\u00f3 de l\u2019esdeveniment que reuneix una vintena de restaurants i establiments del poble &nbsp; L\u2019Escola Universit\u00e0ria d\u2019Hoteleria [\u2026]","og_url":"https:\/\/www.santpol.edu.es\/ca\/blog\/euht-stpol-participa-la-muestra-gastronomica-sant-pol\/","og_site_name":"EUHT StPOL","article_publisher":"https:\/\/www.facebook.com\/EUHTStPOL","article_published_time":"2017-06-14T22:00:00+00:00","og_image":[{"width":1200,"height":900,"url":"https:\/\/www.santpol.edu.es\/wp-content\/uploads\/2019\/10\/IMG_5157.jpg","type":"image\/jpeg"}],"author":"administrador","twitter_card":"summary_large_image","twitter_creator":"@euhtstpol","twitter_site":"@euhtstpol","twitter_misc":{"Escrit per":"administrador","Temps estimat de lectura":"1 minut"},"schema":{"@context":"https:\/\/schema.org","@graph":[{"@type":"Article","@id":"https:\/\/www.santpol.edu.es\/ca\/blog\/euht-stpol-participa-la-muestra-gastronomica-sant-pol\/#article","isPartOf":{"@id":"https:\/\/www.santpol.edu.es\/ca\/blog\/euht-stpol-participa-la-muestra-gastronomica-sant-pol\/"},"author":{"name":"administrador","@id":"https:\/\/www.santpol.edu.es\/#\/schema\/person\/8d0caa258341c2a053f784650ff61a84"},"headline":"EUHT StPOL participa a la Mostra Gastron\u00f2mica de Sant Pol","datePublished":"2017-06-14T22:00:00+00:00","mainEntityOfPage":{"@id":"https:\/\/www.santpol.edu.es\/ca\/blog\/euht-stpol-participa-la-muestra-gastronomica-sant-pol\/"},"wordCount":288,"publisher":{"@id":"https:\/\/www.santpol.edu.es\/#organization"},"image":{"@id":"https:\/\/www.santpol.edu.es\/ca\/blog\/euht-stpol-participa-la-muestra-gastronomica-sant-pol\/#primaryimage"},"thumbnailUrl":"https:\/\/www.santpol.edu.es\/wp-content\/uploads\/2019\/10\/IMG_5157.jpg","keywords":["degustacions","Mostra Gastron\u00f2mica","Muestra Gastron\u00f3mica","talleres","tallers","tast"],"articleSection":["noticias EUHT StPOL","Not\u00edcies","Not\u00edcies Inici"],"inLanguage":"ca"},{"@type":"WebPage","@id":"https:\/\/www.santpol.edu.es\/ca\/blog\/euht-stpol-participa-la-muestra-gastronomica-sant-pol\/","url":"https:\/\/www.santpol.edu.es\/ca\/blog\/euht-stpol-participa-la-muestra-gastronomica-sant-pol\/","name":"EUHT StPOL participa a la Mostra Gastron\u00f2mica de Sant Pol - EUHT StPOL","isPartOf":{"@id":"https:\/\/www.santpol.edu.es\/#website"},"primaryImageOfPage":{"@id":"https:\/\/www.santpol.edu.es\/ca\/blog\/euht-stpol-participa-la-muestra-gastronomica-sant-pol\/#primaryimage"},"image":{"@id":"https:\/\/www.santpol.edu.es\/ca\/blog\/euht-stpol-participa-la-muestra-gastronomica-sant-pol\/#primaryimage"},"thumbnailUrl":"https:\/\/www.santpol.edu.es\/wp-content\/uploads\/2019\/10\/IMG_5157.jpg","datePublished":"2017-06-14T22:00:00+00:00","inLanguage":"ca","potentialAction":[{"@type":"ReadAction","target":["https:\/\/www.santpol.edu.es\/ca\/blog\/euht-stpol-participa-la-muestra-gastronomica-sant-pol\/"]}]},{"@type":"ImageObject","inLanguage":"ca","@id":"https:\/\/www.santpol.edu.es\/ca\/blog\/euht-stpol-participa-la-muestra-gastronomica-sant-pol\/#primaryimage","url":"https:\/\/www.santpol.edu.es\/wp-content\/uploads\/2019\/10\/IMG_5157.jpg","contentUrl":"https:\/\/www.santpol.edu.es\/wp-content\/uploads\/2019\/10\/IMG_5157.jpg","width":1200,"height":900},{"@type":"WebSite","@id":"https:\/\/www.santpol.edu.es\/#website","url":"https:\/\/www.santpol.edu.es\/","name":"EUHT StPOL","description":"Escuela Universitaria de Hoteler\u00eda y Turismo","publisher":{"@id":"https:\/\/www.santpol.edu.es\/#organization"},"potentialAction":[{"@type":"SearchAction","target":{"@type":"EntryPoint","urlTemplate":"https:\/\/www.santpol.edu.es\/?s={search_term_string}"},"query-input":{"@type":"PropertyValueSpecification","valueRequired":true,"valueName":"search_term_string"}}],"inLanguage":"ca"},{"@type":"Organization","@id":"https:\/\/www.santpol.edu.es\/#organization","name":"EUHT StPOL","url":"https:\/\/www.santpol.edu.es\/","logo":{"@type":"ImageObject","inLanguage":"ca","@id":"https:\/\/www.santpol.edu.es\/#\/schema\/logo\/image\/","url":"https:\/\/santpol.edu.es\/wp-content\/uploads\/2019\/09\/logoweb-santpol.jpg","contentUrl":"https:\/\/santpol.edu.es\/wp-content\/uploads\/2019\/09\/logoweb-santpol.jpg","width":324,"height":81,"caption":"EUHT StPOL"},"image":{"@id":"https:\/\/www.santpol.edu.es\/#\/schema\/logo\/image\/"},"sameAs":["https:\/\/www.facebook.com\/EUHTStPOL","https:\/\/x.com\/euhtstpol","https:\/\/www.instagram.com\/euhtstpol\/","https:\/\/www.linkedin.com\/school\/euhtstpol-barcelona\/mycompany\/","https:\/\/es.pinterest.com\/euhtstpol\/","https:\/\/www.youtube.com\/user\/EUHTStPOL1"]},{"@type":"Person","@id":"https:\/\/www.santpol.edu.es\/#\/schema\/person\/8d0caa258341c2a053f784650ff61a84","name":"administrador","image":{"@type":"ImageObject","inLanguage":"ca","@id":"https:\/\/www.santpol.edu.es\/#\/schema\/person\/image\/","url":"https:\/\/www.santpol.edu.es\/wp-content\/litespeed\/avatar\/3e48ceb013e3dcc49deda32e2b823a70.jpg?ver=1777377023","contentUrl":"https:\/\/www.santpol.edu.es\/wp-content\/litespeed\/avatar\/3e48ceb013e3dcc49deda32e2b823a70.jpg?ver=1777377023","caption":"administrador"}}]}},"_links":{"self":[{"href":"https:\/\/www.santpol.edu.es\/ca\/wp-json\/wp\/v2\/posts\/50440","targetHints":{"allow":["GET"]}}],"collection":[{"href":"https:\/\/www.santpol.edu.es\/ca\/wp-json\/wp\/v2\/posts"}],"about":[{"href":"https:\/\/www.santpol.edu.es\/ca\/wp-json\/wp\/v2\/types\/post"}],"author":[{"embeddable":true,"href":"https:\/\/www.santpol.edu.es\/ca\/wp-json\/wp\/v2\/users\/1"}],"replies":[{"embeddable":true,"href":"https:\/\/www.santpol.edu.es\/ca\/wp-json\/wp\/v2\/comments?post=50440"}],"version-history":[{"count":0,"href":"https:\/\/www.santpol.edu.es\/ca\/wp-json\/wp\/v2\/posts\/50440\/revisions"}],"wp:featuredmedia":[{"embeddable":true,"href":"https:\/\/www.santpol.edu.es\/ca\/wp-json\/wp\/v2\/media\/4073"}],"wp:attachment":[{"href":"https:\/\/www.santpol.edu.es\/ca\/wp-json\/wp\/v2\/media?parent=50440"}],"wp:term":[{"taxonomy":"category","embeddable":true,"href":"https:\/\/www.santpol.edu.es\/ca\/wp-json\/wp\/v2\/categories?post=50440"},{"taxonomy":"post_tag","embeddable":true,"href":"https:\/\/www.santpol.edu.es\/ca\/wp-json\/wp\/v2\/tags?post=50440"}],"curies":[{"name":"wp","href":"https:\/\/api.w.org\/{rel}","templated":true}]}}