{"id":50488,"date":"2017-10-31T00:00:00","date_gmt":"2017-10-30T23:00:00","guid":{"rendered":"https:\/\/www.santpol.edu.es\/euht-stpol-acogera-la-final-del-concurso-european-young-chef-award-2017\/"},"modified":"2017-10-31T00:00:00","modified_gmt":"2017-10-30T23:00:00","slug":"euht-stpol-acogera-la-final-del-concurso-european-young-chef-award-2017","status":"publish","type":"post","link":"https:\/\/www.santpol.edu.es\/ca\/blog\/euht-stpol-acogera-la-final-del-concurso-european-young-chef-award-2017\/","title":{"rendered":"EUHT StPOL acollir\u00e0 la final del concurs European Young Chef Award 2017"},"content":{"rendered":"<p>[vc_row][vc_column][vc_column_text]<\/p>\n<h3><\/h3>\n<h3>L\u2019internacional esdeveniment es celebrar\u00e0 per segona vegada consecutiva a les instal\u00b7lacions de l\u2019Escola Universit\u00e0ria d\u2019Hoteleria i Turisme de Sant Pol de Mar<\/h3>\n<p>El proper <strong>dilluns dia 6 de novembre<\/strong>, l\u2019<strong><a href=\"http:\/\/santpol.edu.es\/ca\/\" target=\"_blank\" rel=\"noopener noreferrer\">Hotel-Escola de Sant Pol de Mar<\/a> <\/strong>ser\u00e0 la seu de la final de concurs <strong><a href=\"http:\/\/igcat.org\/youngchefaward\/\" target=\"_blank\" rel=\"noopener noreferrer\">European Young Chef Award 2017<\/a><\/strong>. Organitzat i promogut per l\u2019<strong><a href=\"http:\/\/igcat.org\/\" target=\"_blank\" rel=\"noopener noreferrer\">IGCAT<\/a><\/strong> (International Institute of Gastronomy, Culture, Arts and Tourism) juntament amb la plataforma European Region of Gastronomy, \u00e9s el segon any consecutiu que es celebra a les nostres instal\u00b7lacions. L\u2019esdeveniment comptar\u00e0 amb el suport de <strong>Prodeca<\/strong> i l\u2019<strong>Ag\u00e8ncia Catalana de Turisme<\/strong>.<\/p>\n<p>El mundialment reconegut xef <strong>Joan Roca<\/strong> \u00e9s l\u2019ambaixador del concurs del qual destaca que <em>\u201cL\u2019European Young Chef Award ofereix als futurs professionals no nom\u00e9s l\u2019oportunitat de demostrar el que valen en un concurs, utilitzant la seva capacitat per crear receptes innovadores basades en les arrels gastron\u00f2miques de les seves regions, sin\u00f3 que tamb\u00e9 els atorga una gran oportunitat d\u2019aprendre els uns dels altres, descobrir altres cultures culin\u00e0ries i compartir coneixements i experi\u00e8ncies\u201d.<\/em><\/p>\n<p><a href=\"http:\/\/santpol.edu.es\/wp-content\/uploads\/2017\/10\/facebook-cover-2017.jpg\" rel=\"attachment wp-att-17405\"><img loading=\"lazy\" decoding=\"async\" class=\"alignleft wp-image-17405 \" src=\"http:\/\/santpol.edu.es\/wp-content\/uploads\/2017\/10\/facebook-cover-2017.jpg\" alt=\"facebook cover 2017\" width=\"536\" height=\"204\" \/><\/a>El concurs reuneix a <strong>10 joves cuiners<\/strong> \u2013 d\u2019entre 18 i 26 anys \u2013 finalistes de diferents pa\u00efsos europeus amb l\u2019objectiu d\u2019aconseguir fer el millor plat. Davant d\u2019un jurat de renom, els concursants hauran de defensar la seva elaboraci\u00f3 per fer-se amb el reconeixement de l\u2019European Young Chef Award 2017.<\/p>\n<p>El guanyador de l\u2019European Young Chef Award 2016, <strong>Stamatios Misomikes<\/strong>, de la regi\u00f3 del sud de l\u2019Egeu, oferir\u00e0 una <strong>classe magistral<\/strong> pels participants del 2017 i compartir\u00e0 la seva experi\u00e8ncia com a jove xef ambaixador d\u2019IGCAT des que va obtenir el t\u00edtol l\u2019any passat.<\/p>\n<p>La Jornada conclour\u00e0 a la tarda amb una <strong>Taula Rodona<\/strong> titulada <strong>\u201cReferents per als joves xefs\u201d<\/strong> amb Agiro Barbarigou, reputada Chef del Sud d\u2019Aegean i Toni Massan\u00e9s, de la Fundaci\u00f3n Alicia (Catalunya) juntament amb els finalistes de l\u2019edici\u00f3 de l\u2019any 2017.<\/p>\n<p>Molta sort a tots els concursants!<\/p>\n<p>Consulta la web del concurs amb la informaci\u00f3 del programa i les bases <strong><a href=\"http:\/\/igcat.org\/youngchefaward\/\" target=\"_blank\" rel=\"noopener noreferrer\">aqu\u00ed<\/a><\/strong>.<\/p>\n<p>[\/vc_column_text][\/vc_column][\/vc_row]<\/p>\n","protected":false},"excerpt":{"rendered":"<p>[vc_row][vc_column][vc_column_text] L\u2019internacional esdeveniment es celebrar\u00e0 per segona vegada consecutiva a les instal\u00b7lacions de l\u2019Escola Universit\u00e0ria d\u2019Hoteleria i Turisme de Sant Pol de Mar El proper dilluns<span class=\"excerpt-hellip\"> [\u2026]<\/span><\/p>\n","protected":false},"author":1,"featured_media":4115,"comment_status":"closed","ping_status":"closed","sticky":false,"template":"","format":"standard","meta":{"footnotes":""},"categories":[1934,3696,3697],"tags":[3750,3713,3782,2861,3451,3744,3730],"class_list":["post-50488","post","type-post","status-publish","format-standard","has-post-thumbnail","hentry","category-noticias-euht-stpol","category-noticies","category-noticies-inici","tag-escola-universitaria-dhoteleria-i-turisme-de-sant-pol-de-mar","tag-european-young-chef-award","tag-igcat","tag-joan-roca","tag-jurado","tag-jurat","tag-xef"],"yoast_head":"<!-- This site is optimized with the Yoast SEO plugin v25.8 - https:\/\/yoast.com\/wordpress\/plugins\/seo\/ -->\n<title>EUHT StPOL acollir\u00e0 la final del concurs European Young Chef Award 2017 - EUHT StPOL<\/title>\n<meta name=\"robots\" content=\"index, follow, max-snippet:-1, max-image-preview:large, max-video-preview:-1\" \/>\n<link rel=\"canonical\" href=\"https:\/\/www.santpol.edu.es\/ca\/blog\/euht-stpol-acogera-la-final-del-concurso-european-young-chef-award-2017\/\" \/>\n<meta property=\"og:locale\" content=\"ca_ES\" \/>\n<meta property=\"og:type\" content=\"article\" \/>\n<meta property=\"og:title\" content=\"EUHT StPOL acollir\u00e0 la final del concurs European Young Chef Award 2017 - EUHT StPOL\" \/>\n<meta property=\"og:description\" content=\"[vc_row][vc_column][vc_column_text] L\u2019internacional esdeveniment es celebrar\u00e0 per segona vegada consecutiva a les instal\u00b7lacions de l\u2019Escola Universit\u00e0ria d\u2019Hoteleria i Turisme de Sant Pol de Mar El proper dilluns [\u2026]\" \/>\n<meta property=\"og:url\" content=\"https:\/\/www.santpol.edu.es\/ca\/blog\/euht-stpol-acogera-la-final-del-concurso-european-young-chef-award-2017\/\" \/>\n<meta property=\"og:site_name\" content=\"EUHT StPOL\" \/>\n<meta property=\"article:publisher\" content=\"https:\/\/www.facebook.com\/EUHTStPOL\" \/>\n<meta property=\"article:published_time\" content=\"2017-10-30T23:00:00+00:00\" \/>\n<meta property=\"og:image\" content=\"https:\/\/www.santpol.edu.es\/wp-content\/uploads\/2019\/10\/facebook-cover-2017.jpg\" \/>\n\t<meta property=\"og:image:width\" content=\"828\" \/>\n\t<meta property=\"og:image:height\" content=\"315\" \/>\n\t<meta property=\"og:image:type\" content=\"image\/jpeg\" \/>\n<meta name=\"author\" content=\"administrador\" \/>\n<meta name=\"twitter:card\" content=\"summary_large_image\" \/>\n<meta name=\"twitter:creator\" content=\"@euhtstpol\" \/>\n<meta name=\"twitter:site\" content=\"@euhtstpol\" \/>\n<meta name=\"twitter:label1\" content=\"Escrit per\" \/>\n\t<meta name=\"twitter:data1\" content=\"administrador\" \/>\n\t<meta name=\"twitter:label2\" content=\"Temps estimat de lectura\" \/>\n\t<meta name=\"twitter:data2\" content=\"2 minuts\" \/>\n<script type=\"application\/ld+json\" class=\"yoast-schema-graph\">{\"@context\":\"https:\/\/schema.org\",\"@graph\":[{\"@type\":\"Article\",\"@id\":\"https:\/\/www.santpol.edu.es\/ca\/blog\/euht-stpol-acogera-la-final-del-concurso-european-young-chef-award-2017\/#article\",\"isPartOf\":{\"@id\":\"https:\/\/www.santpol.edu.es\/ca\/blog\/euht-stpol-acogera-la-final-del-concurso-european-young-chef-award-2017\/\"},\"author\":{\"name\":\"administrador\",\"@id\":\"https:\/\/www.santpol.edu.es\/#\/schema\/person\/8d0caa258341c2a053f784650ff61a84\"},\"headline\":\"EUHT StPOL acollir\u00e0 la final del concurs European Young Chef Award 2017\",\"datePublished\":\"2017-10-30T23:00:00+00:00\",\"mainEntityOfPage\":{\"@id\":\"https:\/\/www.santpol.edu.es\/ca\/blog\/euht-stpol-acogera-la-final-del-concurso-european-young-chef-award-2017\/\"},\"wordCount\":370,\"publisher\":{\"@id\":\"https:\/\/www.santpol.edu.es\/#organization\"},\"image\":{\"@id\":\"https:\/\/www.santpol.edu.es\/ca\/blog\/euht-stpol-acogera-la-final-del-concurso-european-young-chef-award-2017\/#primaryimage\"},\"thumbnailUrl\":\"https:\/\/www.santpol.edu.es\/wp-content\/uploads\/2019\/10\/facebook-cover-2017.jpg\",\"keywords\":[\"Escola Universit\u00e0ria d'Hoteleria i Turisme de Sant Pol de Mar\",\"European Young Chef Award\",\"IGCAT\",\"joan roca\",\"jurado\",\"jurat\",\"xef\"],\"articleSection\":[\"noticias EUHT StPOL\",\"Not\u00edcies\",\"Not\u00edcies Inici\"],\"inLanguage\":\"ca\"},{\"@type\":\"WebPage\",\"@id\":\"https:\/\/www.santpol.edu.es\/ca\/blog\/euht-stpol-acogera-la-final-del-concurso-european-young-chef-award-2017\/\",\"url\":\"https:\/\/www.santpol.edu.es\/ca\/blog\/euht-stpol-acogera-la-final-del-concurso-european-young-chef-award-2017\/\",\"name\":\"EUHT StPOL acollir\u00e0 la final del concurs European Young Chef Award 2017 - EUHT StPOL\",\"isPartOf\":{\"@id\":\"https:\/\/www.santpol.edu.es\/#website\"},\"primaryImageOfPage\":{\"@id\":\"https:\/\/www.santpol.edu.es\/ca\/blog\/euht-stpol-acogera-la-final-del-concurso-european-young-chef-award-2017\/#primaryimage\"},\"image\":{\"@id\":\"https:\/\/www.santpol.edu.es\/ca\/blog\/euht-stpol-acogera-la-final-del-concurso-european-young-chef-award-2017\/#primaryimage\"},\"thumbnailUrl\":\"https:\/\/www.santpol.edu.es\/wp-content\/uploads\/2019\/10\/facebook-cover-2017.jpg\",\"datePublished\":\"2017-10-30T23:00:00+00:00\",\"inLanguage\":\"ca\",\"potentialAction\":[{\"@type\":\"ReadAction\",\"target\":[\"https:\/\/www.santpol.edu.es\/ca\/blog\/euht-stpol-acogera-la-final-del-concurso-european-young-chef-award-2017\/\"]}]},{\"@type\":\"ImageObject\",\"inLanguage\":\"ca\",\"@id\":\"https:\/\/www.santpol.edu.es\/ca\/blog\/euht-stpol-acogera-la-final-del-concurso-european-young-chef-award-2017\/#primaryimage\",\"url\":\"https:\/\/www.santpol.edu.es\/wp-content\/uploads\/2019\/10\/facebook-cover-2017.jpg\",\"contentUrl\":\"https:\/\/www.santpol.edu.es\/wp-content\/uploads\/2019\/10\/facebook-cover-2017.jpg\",\"width\":828,\"height\":315},{\"@type\":\"WebSite\",\"@id\":\"https:\/\/www.santpol.edu.es\/#website\",\"url\":\"https:\/\/www.santpol.edu.es\/\",\"name\":\"EUHT StPOL\",\"description\":\"Escuela Universitaria de Hoteler\u00eda y Turismo\",\"publisher\":{\"@id\":\"https:\/\/www.santpol.edu.es\/#organization\"},\"potentialAction\":[{\"@type\":\"SearchAction\",\"target\":{\"@type\":\"EntryPoint\",\"urlTemplate\":\"https:\/\/www.santpol.edu.es\/?s={search_term_string}\"},\"query-input\":{\"@type\":\"PropertyValueSpecification\",\"valueRequired\":true,\"valueName\":\"search_term_string\"}}],\"inLanguage\":\"ca\"},{\"@type\":\"Organization\",\"@id\":\"https:\/\/www.santpol.edu.es\/#organization\",\"name\":\"EUHT StPOL\",\"url\":\"https:\/\/www.santpol.edu.es\/\",\"logo\":{\"@type\":\"ImageObject\",\"inLanguage\":\"ca\",\"@id\":\"https:\/\/www.santpol.edu.es\/#\/schema\/logo\/image\/\",\"url\":\"https:\/\/santpol.edu.es\/wp-content\/uploads\/2019\/09\/logoweb-santpol.jpg\",\"contentUrl\":\"https:\/\/santpol.edu.es\/wp-content\/uploads\/2019\/09\/logoweb-santpol.jpg\",\"width\":324,\"height\":81,\"caption\":\"EUHT StPOL\"},\"image\":{\"@id\":\"https:\/\/www.santpol.edu.es\/#\/schema\/logo\/image\/\"},\"sameAs\":[\"https:\/\/www.facebook.com\/EUHTStPOL\",\"https:\/\/x.com\/euhtstpol\",\"https:\/\/www.instagram.com\/euhtstpol\/\",\"https:\/\/www.linkedin.com\/school\/euhtstpol-barcelona\/mycompany\/\",\"https:\/\/es.pinterest.com\/euhtstpol\/\",\"https:\/\/www.youtube.com\/user\/EUHTStPOL1\"]},{\"@type\":\"Person\",\"@id\":\"https:\/\/www.santpol.edu.es\/#\/schema\/person\/8d0caa258341c2a053f784650ff61a84\",\"name\":\"administrador\",\"image\":{\"@type\":\"ImageObject\",\"inLanguage\":\"ca\",\"@id\":\"https:\/\/www.santpol.edu.es\/#\/schema\/person\/image\/\",\"url\":\"https:\/\/www.santpol.edu.es\/wp-content\/litespeed\/avatar\/3e48ceb013e3dcc49deda32e2b823a70.jpg?ver=1777377023\",\"contentUrl\":\"https:\/\/www.santpol.edu.es\/wp-content\/litespeed\/avatar\/3e48ceb013e3dcc49deda32e2b823a70.jpg?ver=1777377023\",\"caption\":\"administrador\"}}]}<\/script>\n<!-- \/ Yoast SEO plugin. -->","yoast_head_json":{"title":"EUHT StPOL acollir\u00e0 la final del concurs European Young Chef Award 2017 - EUHT StPOL","robots":{"index":"index","follow":"follow","max-snippet":"max-snippet:-1","max-image-preview":"max-image-preview:large","max-video-preview":"max-video-preview:-1"},"canonical":"https:\/\/www.santpol.edu.es\/ca\/blog\/euht-stpol-acogera-la-final-del-concurso-european-young-chef-award-2017\/","og_locale":"ca_ES","og_type":"article","og_title":"EUHT StPOL acollir\u00e0 la final del concurs European Young Chef Award 2017 - EUHT StPOL","og_description":"[vc_row][vc_column][vc_column_text] L\u2019internacional esdeveniment es celebrar\u00e0 per segona vegada consecutiva a les instal\u00b7lacions de l\u2019Escola Universit\u00e0ria d\u2019Hoteleria i Turisme de Sant Pol de Mar El proper dilluns [\u2026]","og_url":"https:\/\/www.santpol.edu.es\/ca\/blog\/euht-stpol-acogera-la-final-del-concurso-european-young-chef-award-2017\/","og_site_name":"EUHT StPOL","article_publisher":"https:\/\/www.facebook.com\/EUHTStPOL","article_published_time":"2017-10-30T23:00:00+00:00","og_image":[{"width":828,"height":315,"url":"https:\/\/www.santpol.edu.es\/wp-content\/uploads\/2019\/10\/facebook-cover-2017.jpg","type":"image\/jpeg"}],"author":"administrador","twitter_card":"summary_large_image","twitter_creator":"@euhtstpol","twitter_site":"@euhtstpol","twitter_misc":{"Escrit per":"administrador","Temps estimat de lectura":"2 minuts"},"schema":{"@context":"https:\/\/schema.org","@graph":[{"@type":"Article","@id":"https:\/\/www.santpol.edu.es\/ca\/blog\/euht-stpol-acogera-la-final-del-concurso-european-young-chef-award-2017\/#article","isPartOf":{"@id":"https:\/\/www.santpol.edu.es\/ca\/blog\/euht-stpol-acogera-la-final-del-concurso-european-young-chef-award-2017\/"},"author":{"name":"administrador","@id":"https:\/\/www.santpol.edu.es\/#\/schema\/person\/8d0caa258341c2a053f784650ff61a84"},"headline":"EUHT StPOL acollir\u00e0 la final del concurs European Young Chef Award 2017","datePublished":"2017-10-30T23:00:00+00:00","mainEntityOfPage":{"@id":"https:\/\/www.santpol.edu.es\/ca\/blog\/euht-stpol-acogera-la-final-del-concurso-european-young-chef-award-2017\/"},"wordCount":370,"publisher":{"@id":"https:\/\/www.santpol.edu.es\/#organization"},"image":{"@id":"https:\/\/www.santpol.edu.es\/ca\/blog\/euht-stpol-acogera-la-final-del-concurso-european-young-chef-award-2017\/#primaryimage"},"thumbnailUrl":"https:\/\/www.santpol.edu.es\/wp-content\/uploads\/2019\/10\/facebook-cover-2017.jpg","keywords":["Escola Universit\u00e0ria d'Hoteleria i Turisme de Sant Pol de Mar","European Young Chef Award","IGCAT","joan roca","jurado","jurat","xef"],"articleSection":["noticias EUHT StPOL","Not\u00edcies","Not\u00edcies Inici"],"inLanguage":"ca"},{"@type":"WebPage","@id":"https:\/\/www.santpol.edu.es\/ca\/blog\/euht-stpol-acogera-la-final-del-concurso-european-young-chef-award-2017\/","url":"https:\/\/www.santpol.edu.es\/ca\/blog\/euht-stpol-acogera-la-final-del-concurso-european-young-chef-award-2017\/","name":"EUHT StPOL acollir\u00e0 la final del concurs European Young Chef Award 2017 - EUHT StPOL","isPartOf":{"@id":"https:\/\/www.santpol.edu.es\/#website"},"primaryImageOfPage":{"@id":"https:\/\/www.santpol.edu.es\/ca\/blog\/euht-stpol-acogera-la-final-del-concurso-european-young-chef-award-2017\/#primaryimage"},"image":{"@id":"https:\/\/www.santpol.edu.es\/ca\/blog\/euht-stpol-acogera-la-final-del-concurso-european-young-chef-award-2017\/#primaryimage"},"thumbnailUrl":"https:\/\/www.santpol.edu.es\/wp-content\/uploads\/2019\/10\/facebook-cover-2017.jpg","datePublished":"2017-10-30T23:00:00+00:00","inLanguage":"ca","potentialAction":[{"@type":"ReadAction","target":["https:\/\/www.santpol.edu.es\/ca\/blog\/euht-stpol-acogera-la-final-del-concurso-european-young-chef-award-2017\/"]}]},{"@type":"ImageObject","inLanguage":"ca","@id":"https:\/\/www.santpol.edu.es\/ca\/blog\/euht-stpol-acogera-la-final-del-concurso-european-young-chef-award-2017\/#primaryimage","url":"https:\/\/www.santpol.edu.es\/wp-content\/uploads\/2019\/10\/facebook-cover-2017.jpg","contentUrl":"https:\/\/www.santpol.edu.es\/wp-content\/uploads\/2019\/10\/facebook-cover-2017.jpg","width":828,"height":315},{"@type":"WebSite","@id":"https:\/\/www.santpol.edu.es\/#website","url":"https:\/\/www.santpol.edu.es\/","name":"EUHT StPOL","description":"Escuela Universitaria de Hoteler\u00eda y Turismo","publisher":{"@id":"https:\/\/www.santpol.edu.es\/#organization"},"potentialAction":[{"@type":"SearchAction","target":{"@type":"EntryPoint","urlTemplate":"https:\/\/www.santpol.edu.es\/?s={search_term_string}"},"query-input":{"@type":"PropertyValueSpecification","valueRequired":true,"valueName":"search_term_string"}}],"inLanguage":"ca"},{"@type":"Organization","@id":"https:\/\/www.santpol.edu.es\/#organization","name":"EUHT StPOL","url":"https:\/\/www.santpol.edu.es\/","logo":{"@type":"ImageObject","inLanguage":"ca","@id":"https:\/\/www.santpol.edu.es\/#\/schema\/logo\/image\/","url":"https:\/\/santpol.edu.es\/wp-content\/uploads\/2019\/09\/logoweb-santpol.jpg","contentUrl":"https:\/\/santpol.edu.es\/wp-content\/uploads\/2019\/09\/logoweb-santpol.jpg","width":324,"height":81,"caption":"EUHT StPOL"},"image":{"@id":"https:\/\/www.santpol.edu.es\/#\/schema\/logo\/image\/"},"sameAs":["https:\/\/www.facebook.com\/EUHTStPOL","https:\/\/x.com\/euhtstpol","https:\/\/www.instagram.com\/euhtstpol\/","https:\/\/www.linkedin.com\/school\/euhtstpol-barcelona\/mycompany\/","https:\/\/es.pinterest.com\/euhtstpol\/","https:\/\/www.youtube.com\/user\/EUHTStPOL1"]},{"@type":"Person","@id":"https:\/\/www.santpol.edu.es\/#\/schema\/person\/8d0caa258341c2a053f784650ff61a84","name":"administrador","image":{"@type":"ImageObject","inLanguage":"ca","@id":"https:\/\/www.santpol.edu.es\/#\/schema\/person\/image\/","url":"https:\/\/www.santpol.edu.es\/wp-content\/litespeed\/avatar\/3e48ceb013e3dcc49deda32e2b823a70.jpg?ver=1777377023","contentUrl":"https:\/\/www.santpol.edu.es\/wp-content\/litespeed\/avatar\/3e48ceb013e3dcc49deda32e2b823a70.jpg?ver=1777377023","caption":"administrador"}}]}},"_links":{"self":[{"href":"https:\/\/www.santpol.edu.es\/ca\/wp-json\/wp\/v2\/posts\/50488","targetHints":{"allow":["GET"]}}],"collection":[{"href":"https:\/\/www.santpol.edu.es\/ca\/wp-json\/wp\/v2\/posts"}],"about":[{"href":"https:\/\/www.santpol.edu.es\/ca\/wp-json\/wp\/v2\/types\/post"}],"author":[{"embeddable":true,"href":"https:\/\/www.santpol.edu.es\/ca\/wp-json\/wp\/v2\/users\/1"}],"replies":[{"embeddable":true,"href":"https:\/\/www.santpol.edu.es\/ca\/wp-json\/wp\/v2\/comments?post=50488"}],"version-history":[{"count":0,"href":"https:\/\/www.santpol.edu.es\/ca\/wp-json\/wp\/v2\/posts\/50488\/revisions"}],"wp:featuredmedia":[{"embeddable":true,"href":"https:\/\/www.santpol.edu.es\/ca\/wp-json\/wp\/v2\/media\/4115"}],"wp:attachment":[{"href":"https:\/\/www.santpol.edu.es\/ca\/wp-json\/wp\/v2\/media?parent=50488"}],"wp:term":[{"taxonomy":"category","embeddable":true,"href":"https:\/\/www.santpol.edu.es\/ca\/wp-json\/wp\/v2\/categories?post=50488"},{"taxonomy":"post_tag","embeddable":true,"href":"https:\/\/www.santpol.edu.es\/ca\/wp-json\/wp\/v2\/tags?post=50488"}],"curies":[{"name":"wp","href":"https:\/\/api.w.org\/{rel}","templated":true}]}}