{"id":50520,"date":"2018-01-16T00:00:00","date_gmt":"2018-01-15T23:00:00","guid":{"rendered":"https:\/\/www.santpol.edu.es\/eva-canaleta-safont-nueva-directora-academica-euhtstpol\/"},"modified":"2018-01-16T00:00:00","modified_gmt":"2018-01-15T23:00:00","slug":"eva-canaleta-safont-nueva-directora-academica-euhtstpol","status":"publish","type":"post","link":"https:\/\/www.santpol.edu.es\/ca\/blog\/eva-canaleta-safont-nueva-directora-academica-euhtstpol\/","title":{"rendered":"La Dra. Eva Canaleta-Safont, nova Directora Acad\u00e8mica de l\u2019EUHT StPOL"},"content":{"rendered":"<p>[vc_row][vc_column][vc_column_text]<\/p>\n<h3><strong>El nou nomenament s\u2019ha dut a terme arran de la jubilaci\u00f3 del Sr. Jos\u00e9 Hern\u00e1ndez Garc\u00eda, Director Acad\u00e8mic fins el moment<\/strong><\/h3>\n<p><strong><a href=\"http:\/\/santpol.edu.es\/wp-content\/uploads\/2018\/01\/Eva-canaleta.jpg\" rel=\"attachment wp-att-17663\"><img loading=\"lazy\" decoding=\"async\" class=\"size-medium wp-image-17663 alignleft\" src=\"http:\/\/santpol.edu.es\/wp-content\/uploads\/2018\/01\/Eva-canaleta-300x300.jpg\" alt=\"Eva canaleta\" width=\"300\" height=\"300\" \/><\/a><\/strong>La<strong> Dra. Eva Canaleta-Safont<\/strong>, T\u00e8cnic en Empreses i Activitats Tur\u00edstiques (EUHT StPOL) llicenciada en Hist\u00f2ria (Universitat de les Illes Balears), en Antropologia Social i Cultural (Universitat de Barcelona) i Doctora en Hist\u00f2ria (Universitat de les Illes Balears) ha estat nomenada <strong>Directora Acad\u00e9mica<\/strong> de l\u2019Escola Universit\u00e0ria d\u2019Hoteleria i Turisme de Sant Pol de Mar.<\/p>\n<p>La Dra. Canaleta-Safont, exalumna de l\u2019<strong>EUHT StPOL<\/strong>, ocupar\u00e0 el c\u00e0rrec arran de la jubilaci\u00f3 del<strong> Sr. Jos\u00e9 Hern\u00e1ndez Garc\u00eda<\/strong>, Director Acad\u00e8mic del centre fins el moment.<\/p>\n<p>La seva traject\u00f2ria professional s\u2019ha centrat, principalment, en la investigaci\u00f3 qualitativa en l\u2019\u00e0mbit de la salut. Aix\u00ed mateix, conta amb una \u00e0mplia experi\u00e8ncia en el m\u00f3n de la hoteler\u00eda i de la restauraci\u00f3. Despr\u00e9s de 4 anys com a coordinadora del <a href=\"http:\/\/santpol.edu.es\/ca\/estudis\/master-in-hospitality-management\/\" target=\"_blank\" rel=\"noopener noreferrer\"><strong>Master in Hospitality Management<\/strong><\/a> de l\u2019EUHT StPOL, la Dra. Canaleta-Safont es posar\u00e0 al cap de la Direcci\u00f3 Acad\u00e8mica de l\u2019Escola, etapa que afronta amb ganes i il\u00b7lusi\u00f3.[\/vc_column_text][\/vc_column][\/vc_row]<\/p>\n","protected":false},"excerpt":{"rendered":"<p>[vc_row][vc_column][vc_column_text] El nou nomenament s\u2019ha dut a terme arran de la jubilaci\u00f3 del Sr. Jos\u00e9 Hern\u00e1ndez Garc\u00eda, Director Acad\u00e8mic fins el moment La Dra. Eva Canaleta-Safont,<span class=\"excerpt-hellip\"> [\u2026]<\/span><\/p>\n","protected":false},"author":1,"featured_media":9049,"comment_status":"closed","ping_status":"closed","sticky":false,"template":"","format":"standard","meta":{"footnotes":""},"categories":[1934,3696,3697],"tags":[3794,3517,2441],"class_list":["post-50520","post","type-post","status-publish","format-standard","has-post-thumbnail","hentry","category-noticias-euht-stpol","category-noticies","category-noticies-inici","tag-direccio-academica","tag-jose-hernandez-garcia","tag-master-in-hospitality-management"],"yoast_head":"<!-- This site is optimized with the Yoast SEO plugin v25.8 - https:\/\/yoast.com\/wordpress\/plugins\/seo\/ -->\n<title>La Dra. Eva Canaleta-Safont, nova Directora Acad\u00e8mica de l\u2019EUHT StPOL - EUHT StPOL<\/title>\n<meta name=\"robots\" content=\"index, follow, max-snippet:-1, max-image-preview:large, max-video-preview:-1\" \/>\n<link rel=\"canonical\" href=\"https:\/\/www.santpol.edu.es\/ca\/blog\/eva-canaleta-safont-nueva-directora-academica-euhtstpol\/\" \/>\n<meta property=\"og:locale\" content=\"ca_ES\" \/>\n<meta property=\"og:type\" content=\"article\" \/>\n<meta property=\"og:title\" content=\"La Dra. Eva Canaleta-Safont, nova Directora Acad\u00e8mica de l\u2019EUHT StPOL - EUHT StPOL\" \/>\n<meta property=\"og:description\" content=\"[vc_row][vc_column][vc_column_text] El nou nomenament s\u2019ha dut a terme arran de la jubilaci\u00f3 del Sr. Jos\u00e9 Hern\u00e1ndez Garc\u00eda, Director Acad\u00e8mic fins el moment La Dra. Eva Canaleta-Safont, [\u2026]\" \/>\n<meta property=\"og:url\" content=\"https:\/\/www.santpol.edu.es\/ca\/blog\/eva-canaleta-safont-nueva-directora-academica-euhtstpol\/\" \/>\n<meta property=\"og:site_name\" content=\"EUHT StPOL\" \/>\n<meta property=\"article:publisher\" content=\"https:\/\/www.facebook.com\/EUHTStPOL\" \/>\n<meta property=\"article:published_time\" content=\"2018-01-15T23:00:00+00:00\" \/>\n<meta property=\"og:image\" content=\"https:\/\/www.santpol.edu.es\/wp-content\/uploads\/2019\/10\/Eva-canaleta-ED.jpg\" \/>\n\t<meta property=\"og:image:width\" content=\"446\" \/>\n\t<meta property=\"og:image:height\" content=\"259\" \/>\n\t<meta property=\"og:image:type\" content=\"image\/jpeg\" \/>\n<meta name=\"author\" content=\"administrador\" \/>\n<meta name=\"twitter:card\" content=\"summary_large_image\" \/>\n<meta name=\"twitter:creator\" content=\"@euhtstpol\" \/>\n<meta name=\"twitter:site\" content=\"@euhtstpol\" \/>\n<meta name=\"twitter:label1\" content=\"Escrit per\" \/>\n\t<meta name=\"twitter:data1\" content=\"administrador\" \/>\n\t<meta name=\"twitter:label2\" content=\"Temps estimat de lectura\" \/>\n\t<meta name=\"twitter:data2\" content=\"1 minut\" \/>\n<script type=\"application\/ld+json\" class=\"yoast-schema-graph\">{\"@context\":\"https:\/\/schema.org\",\"@graph\":[{\"@type\":\"Article\",\"@id\":\"https:\/\/www.santpol.edu.es\/ca\/blog\/eva-canaleta-safont-nueva-directora-academica-euhtstpol\/#article\",\"isPartOf\":{\"@id\":\"https:\/\/www.santpol.edu.es\/ca\/blog\/eva-canaleta-safont-nueva-directora-academica-euhtstpol\/\"},\"author\":{\"name\":\"administrador\",\"@id\":\"https:\/\/www.santpol.edu.es\/#\/schema\/person\/8d0caa258341c2a053f784650ff61a84\"},\"headline\":\"La Dra. Eva Canaleta-Safont, nova Directora Acad\u00e8mica de l\u2019EUHT StPOL\",\"datePublished\":\"2018-01-15T23:00:00+00:00\",\"mainEntityOfPage\":{\"@id\":\"https:\/\/www.santpol.edu.es\/ca\/blog\/eva-canaleta-safont-nueva-directora-academica-euhtstpol\/\"},\"wordCount\":221,\"publisher\":{\"@id\":\"https:\/\/www.santpol.edu.es\/#organization\"},\"image\":{\"@id\":\"https:\/\/www.santpol.edu.es\/ca\/blog\/eva-canaleta-safont-nueva-directora-academica-euhtstpol\/#primaryimage\"},\"thumbnailUrl\":\"https:\/\/www.santpol.edu.es\/wp-content\/uploads\/2019\/10\/Eva-canaleta-ED.jpg\",\"keywords\":[\"Direcci\u00f3 Acad\u00e8mica\",\"Jos\u00e9 Hern\u00e1ndez Garc\u00eda\",\"master in hospitality management\"],\"articleSection\":[\"noticias EUHT StPOL\",\"Not\u00edcies\",\"Not\u00edcies Inici\"],\"inLanguage\":\"ca\"},{\"@type\":\"WebPage\",\"@id\":\"https:\/\/www.santpol.edu.es\/ca\/blog\/eva-canaleta-safont-nueva-directora-academica-euhtstpol\/\",\"url\":\"https:\/\/www.santpol.edu.es\/ca\/blog\/eva-canaleta-safont-nueva-directora-academica-euhtstpol\/\",\"name\":\"La Dra. Eva Canaleta-Safont, nova Directora Acad\u00e8mica de l\u2019EUHT StPOL - EUHT StPOL\",\"isPartOf\":{\"@id\":\"https:\/\/www.santpol.edu.es\/#website\"},\"primaryImageOfPage\":{\"@id\":\"https:\/\/www.santpol.edu.es\/ca\/blog\/eva-canaleta-safont-nueva-directora-academica-euhtstpol\/#primaryimage\"},\"image\":{\"@id\":\"https:\/\/www.santpol.edu.es\/ca\/blog\/eva-canaleta-safont-nueva-directora-academica-euhtstpol\/#primaryimage\"},\"thumbnailUrl\":\"https:\/\/www.santpol.edu.es\/wp-content\/uploads\/2019\/10\/Eva-canaleta-ED.jpg\",\"datePublished\":\"2018-01-15T23:00:00+00:00\",\"inLanguage\":\"ca\",\"potentialAction\":[{\"@type\":\"ReadAction\",\"target\":[\"https:\/\/www.santpol.edu.es\/ca\/blog\/eva-canaleta-safont-nueva-directora-academica-euhtstpol\/\"]}]},{\"@type\":\"ImageObject\",\"inLanguage\":\"ca\",\"@id\":\"https:\/\/www.santpol.edu.es\/ca\/blog\/eva-canaleta-safont-nueva-directora-academica-euhtstpol\/#primaryimage\",\"url\":\"https:\/\/www.santpol.edu.es\/wp-content\/uploads\/2019\/10\/Eva-canaleta-ED.jpg\",\"contentUrl\":\"https:\/\/www.santpol.edu.es\/wp-content\/uploads\/2019\/10\/Eva-canaleta-ED.jpg\",\"width\":446,\"height\":259},{\"@type\":\"WebSite\",\"@id\":\"https:\/\/www.santpol.edu.es\/#website\",\"url\":\"https:\/\/www.santpol.edu.es\/\",\"name\":\"EUHT StPOL\",\"description\":\"Escuela Universitaria de Hoteler\u00eda y Turismo\",\"publisher\":{\"@id\":\"https:\/\/www.santpol.edu.es\/#organization\"},\"potentialAction\":[{\"@type\":\"SearchAction\",\"target\":{\"@type\":\"EntryPoint\",\"urlTemplate\":\"https:\/\/www.santpol.edu.es\/?s={search_term_string}\"},\"query-input\":{\"@type\":\"PropertyValueSpecification\",\"valueRequired\":true,\"valueName\":\"search_term_string\"}}],\"inLanguage\":\"ca\"},{\"@type\":\"Organization\",\"@id\":\"https:\/\/www.santpol.edu.es\/#organization\",\"name\":\"EUHT StPOL\",\"url\":\"https:\/\/www.santpol.edu.es\/\",\"logo\":{\"@type\":\"ImageObject\",\"inLanguage\":\"ca\",\"@id\":\"https:\/\/www.santpol.edu.es\/#\/schema\/logo\/image\/\",\"url\":\"https:\/\/santpol.edu.es\/wp-content\/uploads\/2019\/09\/logoweb-santpol.jpg\",\"contentUrl\":\"https:\/\/santpol.edu.es\/wp-content\/uploads\/2019\/09\/logoweb-santpol.jpg\",\"width\":324,\"height\":81,\"caption\":\"EUHT StPOL\"},\"image\":{\"@id\":\"https:\/\/www.santpol.edu.es\/#\/schema\/logo\/image\/\"},\"sameAs\":[\"https:\/\/www.facebook.com\/EUHTStPOL\",\"https:\/\/x.com\/euhtstpol\",\"https:\/\/www.instagram.com\/euhtstpol\/\",\"https:\/\/www.linkedin.com\/school\/euhtstpol-barcelona\/mycompany\/\",\"https:\/\/es.pinterest.com\/euhtstpol\/\",\"https:\/\/www.youtube.com\/user\/EUHTStPOL1\"]},{\"@type\":\"Person\",\"@id\":\"https:\/\/www.santpol.edu.es\/#\/schema\/person\/8d0caa258341c2a053f784650ff61a84\",\"name\":\"administrador\",\"image\":{\"@type\":\"ImageObject\",\"inLanguage\":\"ca\",\"@id\":\"https:\/\/www.santpol.edu.es\/#\/schema\/person\/image\/\",\"url\":\"https:\/\/www.santpol.edu.es\/wp-content\/litespeed\/avatar\/3e48ceb013e3dcc49deda32e2b823a70.jpg?ver=1777377023\",\"contentUrl\":\"https:\/\/www.santpol.edu.es\/wp-content\/litespeed\/avatar\/3e48ceb013e3dcc49deda32e2b823a70.jpg?ver=1777377023\",\"caption\":\"administrador\"}}]}<\/script>\n<!-- \/ Yoast SEO plugin. -->","yoast_head_json":{"title":"La Dra. Eva Canaleta-Safont, nova Directora Acad\u00e8mica de l\u2019EUHT StPOL - EUHT StPOL","robots":{"index":"index","follow":"follow","max-snippet":"max-snippet:-1","max-image-preview":"max-image-preview:large","max-video-preview":"max-video-preview:-1"},"canonical":"https:\/\/www.santpol.edu.es\/ca\/blog\/eva-canaleta-safont-nueva-directora-academica-euhtstpol\/","og_locale":"ca_ES","og_type":"article","og_title":"La Dra. Eva Canaleta-Safont, nova Directora Acad\u00e8mica de l\u2019EUHT StPOL - EUHT StPOL","og_description":"[vc_row][vc_column][vc_column_text] El nou nomenament s\u2019ha dut a terme arran de la jubilaci\u00f3 del Sr. Jos\u00e9 Hern\u00e1ndez Garc\u00eda, Director Acad\u00e8mic fins el moment La Dra. Eva Canaleta-Safont, [\u2026]","og_url":"https:\/\/www.santpol.edu.es\/ca\/blog\/eva-canaleta-safont-nueva-directora-academica-euhtstpol\/","og_site_name":"EUHT StPOL","article_publisher":"https:\/\/www.facebook.com\/EUHTStPOL","article_published_time":"2018-01-15T23:00:00+00:00","og_image":[{"width":446,"height":259,"url":"https:\/\/www.santpol.edu.es\/wp-content\/uploads\/2019\/10\/Eva-canaleta-ED.jpg","type":"image\/jpeg"}],"author":"administrador","twitter_card":"summary_large_image","twitter_creator":"@euhtstpol","twitter_site":"@euhtstpol","twitter_misc":{"Escrit per":"administrador","Temps estimat de lectura":"1 minut"},"schema":{"@context":"https:\/\/schema.org","@graph":[{"@type":"Article","@id":"https:\/\/www.santpol.edu.es\/ca\/blog\/eva-canaleta-safont-nueva-directora-academica-euhtstpol\/#article","isPartOf":{"@id":"https:\/\/www.santpol.edu.es\/ca\/blog\/eva-canaleta-safont-nueva-directora-academica-euhtstpol\/"},"author":{"name":"administrador","@id":"https:\/\/www.santpol.edu.es\/#\/schema\/person\/8d0caa258341c2a053f784650ff61a84"},"headline":"La Dra. Eva Canaleta-Safont, nova Directora Acad\u00e8mica de l\u2019EUHT StPOL","datePublished":"2018-01-15T23:00:00+00:00","mainEntityOfPage":{"@id":"https:\/\/www.santpol.edu.es\/ca\/blog\/eva-canaleta-safont-nueva-directora-academica-euhtstpol\/"},"wordCount":221,"publisher":{"@id":"https:\/\/www.santpol.edu.es\/#organization"},"image":{"@id":"https:\/\/www.santpol.edu.es\/ca\/blog\/eva-canaleta-safont-nueva-directora-academica-euhtstpol\/#primaryimage"},"thumbnailUrl":"https:\/\/www.santpol.edu.es\/wp-content\/uploads\/2019\/10\/Eva-canaleta-ED.jpg","keywords":["Direcci\u00f3 Acad\u00e8mica","Jos\u00e9 Hern\u00e1ndez Garc\u00eda","master in hospitality management"],"articleSection":["noticias EUHT StPOL","Not\u00edcies","Not\u00edcies Inici"],"inLanguage":"ca"},{"@type":"WebPage","@id":"https:\/\/www.santpol.edu.es\/ca\/blog\/eva-canaleta-safont-nueva-directora-academica-euhtstpol\/","url":"https:\/\/www.santpol.edu.es\/ca\/blog\/eva-canaleta-safont-nueva-directora-academica-euhtstpol\/","name":"La Dra. Eva Canaleta-Safont, nova Directora Acad\u00e8mica de l\u2019EUHT StPOL - EUHT StPOL","isPartOf":{"@id":"https:\/\/www.santpol.edu.es\/#website"},"primaryImageOfPage":{"@id":"https:\/\/www.santpol.edu.es\/ca\/blog\/eva-canaleta-safont-nueva-directora-academica-euhtstpol\/#primaryimage"},"image":{"@id":"https:\/\/www.santpol.edu.es\/ca\/blog\/eva-canaleta-safont-nueva-directora-academica-euhtstpol\/#primaryimage"},"thumbnailUrl":"https:\/\/www.santpol.edu.es\/wp-content\/uploads\/2019\/10\/Eva-canaleta-ED.jpg","datePublished":"2018-01-15T23:00:00+00:00","inLanguage":"ca","potentialAction":[{"@type":"ReadAction","target":["https:\/\/www.santpol.edu.es\/ca\/blog\/eva-canaleta-safont-nueva-directora-academica-euhtstpol\/"]}]},{"@type":"ImageObject","inLanguage":"ca","@id":"https:\/\/www.santpol.edu.es\/ca\/blog\/eva-canaleta-safont-nueva-directora-academica-euhtstpol\/#primaryimage","url":"https:\/\/www.santpol.edu.es\/wp-content\/uploads\/2019\/10\/Eva-canaleta-ED.jpg","contentUrl":"https:\/\/www.santpol.edu.es\/wp-content\/uploads\/2019\/10\/Eva-canaleta-ED.jpg","width":446,"height":259},{"@type":"WebSite","@id":"https:\/\/www.santpol.edu.es\/#website","url":"https:\/\/www.santpol.edu.es\/","name":"EUHT StPOL","description":"Escuela Universitaria de Hoteler\u00eda y Turismo","publisher":{"@id":"https:\/\/www.santpol.edu.es\/#organization"},"potentialAction":[{"@type":"SearchAction","target":{"@type":"EntryPoint","urlTemplate":"https:\/\/www.santpol.edu.es\/?s={search_term_string}"},"query-input":{"@type":"PropertyValueSpecification","valueRequired":true,"valueName":"search_term_string"}}],"inLanguage":"ca"},{"@type":"Organization","@id":"https:\/\/www.santpol.edu.es\/#organization","name":"EUHT StPOL","url":"https:\/\/www.santpol.edu.es\/","logo":{"@type":"ImageObject","inLanguage":"ca","@id":"https:\/\/www.santpol.edu.es\/#\/schema\/logo\/image\/","url":"https:\/\/santpol.edu.es\/wp-content\/uploads\/2019\/09\/logoweb-santpol.jpg","contentUrl":"https:\/\/santpol.edu.es\/wp-content\/uploads\/2019\/09\/logoweb-santpol.jpg","width":324,"height":81,"caption":"EUHT StPOL"},"image":{"@id":"https:\/\/www.santpol.edu.es\/#\/schema\/logo\/image\/"},"sameAs":["https:\/\/www.facebook.com\/EUHTStPOL","https:\/\/x.com\/euhtstpol","https:\/\/www.instagram.com\/euhtstpol\/","https:\/\/www.linkedin.com\/school\/euhtstpol-barcelona\/mycompany\/","https:\/\/es.pinterest.com\/euhtstpol\/","https:\/\/www.youtube.com\/user\/EUHTStPOL1"]},{"@type":"Person","@id":"https:\/\/www.santpol.edu.es\/#\/schema\/person\/8d0caa258341c2a053f784650ff61a84","name":"administrador","image":{"@type":"ImageObject","inLanguage":"ca","@id":"https:\/\/www.santpol.edu.es\/#\/schema\/person\/image\/","url":"https:\/\/www.santpol.edu.es\/wp-content\/litespeed\/avatar\/3e48ceb013e3dcc49deda32e2b823a70.jpg?ver=1777377023","contentUrl":"https:\/\/www.santpol.edu.es\/wp-content\/litespeed\/avatar\/3e48ceb013e3dcc49deda32e2b823a70.jpg?ver=1777377023","caption":"administrador"}}]}},"_links":{"self":[{"href":"https:\/\/www.santpol.edu.es\/ca\/wp-json\/wp\/v2\/posts\/50520","targetHints":{"allow":["GET"]}}],"collection":[{"href":"https:\/\/www.santpol.edu.es\/ca\/wp-json\/wp\/v2\/posts"}],"about":[{"href":"https:\/\/www.santpol.edu.es\/ca\/wp-json\/wp\/v2\/types\/post"}],"author":[{"embeddable":true,"href":"https:\/\/www.santpol.edu.es\/ca\/wp-json\/wp\/v2\/users\/1"}],"replies":[{"embeddable":true,"href":"https:\/\/www.santpol.edu.es\/ca\/wp-json\/wp\/v2\/comments?post=50520"}],"version-history":[{"count":0,"href":"https:\/\/www.santpol.edu.es\/ca\/wp-json\/wp\/v2\/posts\/50520\/revisions"}],"wp:featuredmedia":[{"embeddable":true,"href":"https:\/\/www.santpol.edu.es\/ca\/wp-json\/wp\/v2\/media\/9049"}],"wp:attachment":[{"href":"https:\/\/www.santpol.edu.es\/ca\/wp-json\/wp\/v2\/media?parent=50520"}],"wp:term":[{"taxonomy":"category","embeddable":true,"href":"https:\/\/www.santpol.edu.es\/ca\/wp-json\/wp\/v2\/categories?post=50520"},{"taxonomy":"post_tag","embeddable":true,"href":"https:\/\/www.santpol.edu.es\/ca\/wp-json\/wp\/v2\/tags?post=50520"}],"curies":[{"name":"wp","href":"https:\/\/api.w.org\/{rel}","templated":true}]}}