{"id":50625,"date":"2018-12-17T00:00:00","date_gmt":"2018-12-16T23:00:00","guid":{"rendered":"https:\/\/www.santpol.edu.es\/acte-de-graduacio-2018\/"},"modified":"2022-05-31T15:18:15","modified_gmt":"2022-05-31T13:18:15","slug":"acte-de-graduacio-2018","status":"publish","type":"post","link":"https:\/\/www.santpol.edu.es\/ca\/blog\/acte-de-graduacio-2018\/","title":{"rendered":"Acte de Graduaci\u00f3 2018"},"content":{"rendered":"<p>[vc_row][vc_column][vc_column_text]El passat divendres 14 de desembre de 2018 l\u2019Hotel-Escola de Sant Pol de Mar va acollir <strong>l\u2019Acte de Graduaci\u00f3 2018<\/strong>, cerim\u00f2nia durant la qual es va fer entrega dels diplomes de finalitzaci\u00f3 dels estudis als alumnes graduats dels seg\u00fcents programes acad\u00e8mics:<\/p>\n<ul>\n<li>6a edici\u00f3 del\u00a0<a href=\"https:\/\/santpol.edu.es\/ca\/estudis\/grau-universitari-en-gestio-hotelera-i-turistica\/\" target=\"_blank\" rel=\"noopener noreferrer\"><strong>Grau universitari en Gesti\u00f3 Hotelera i Tur\u00edstica<\/strong><\/a>, promoci\u00f3 2014-2018 (34a edici\u00f3 de la carrera universit\u00e0ria en Direcci\u00f3 Hotelera).<\/li>\n<li>25a edici\u00f3 del programa de <a href=\"https:\/\/santpol.edu.es\/ca\/estudis\/tecnic-en-gastronomia-i-restauracio\/\" target=\"_blank\" rel=\"noopener noreferrer\"><strong>T\u00e8cnic en Gastronomia i Restauraci\u00f3<\/strong><\/a><\/li>\n<li>26a edici\u00f3 del <a href=\"https:\/\/santpol.edu.es\/ca\/estudis\/master-in-hospitality-management\/\" target=\"_blank\" rel=\"noopener noreferrer\"><strong>Master in Hospitality Management<\/strong><\/a><\/li>\n<li>20a edici\u00f3 del <a href=\"https:\/\/santpol.edu.es\/ca\/estudis\/master-en-arts-culinaries-i-direccio-de-cuina\/\" target=\"_blank\" rel=\"noopener noreferrer\"><strong>M\u00e0ster en Arts Culin\u00e0ries i Direcci\u00f3 de Cuina <\/strong><\/a><\/li>\n<li>2a edici\u00f3 del\u00a0<a href=\"https:\/\/santpol.edu.es\/ca\/master-in-culinary-arts-and-kitchen-management-english\/\" target=\"_blank\" rel=\"noopener noreferrer\"><strong>Master in Culinary Arts and Kitchen Management<\/strong><\/a><\/li>\n<li>Diplomes d\u2019especialitzaci\u00f3<\/li>\n<\/ul>\n<p>L\u2019Acte de Graduaci\u00f3 va comen\u00e7ar amb el discurs de benvinguda del Director de l\u2019Hotel-Escola de Sant Pol de Mar, Llu\u00eds Serra, seguit de la lli\u00e7\u00f3 magistral a c\u00e0rrec del director acad\u00e8mic em\u00e8rit de l\u2019Escola Universit\u00e0ria d\u2019Hoteleria i Turisme de Sant Pol de mar (EUHT StPOL), el sr Jos\u00e9 Hern\u00e1ndez; i la posterior entrega de diplomes.<\/p>\n<h3><strong>Visual transcript per HSD<\/strong><\/h3>\n<p>Com a novetat, enguany els alumnes graduats en Gesti\u00f3 Hotelera i Tur\u00edstica han rebut un diploma atorgat per <strong><a href=\"https:\/\/www.hotelschoolsofdistinction.org\/\" target=\"_blank\" rel=\"noopener noreferrer\">Hotel Schools of Distinction<\/a><\/strong> (HSD), anomenat \u201c<a href=\"https:\/\/www.hotelschoolsofdistinction.org\/index.php\/hsd-student-learning-visual-transcripttm\/\" target=\"_blank\" rel=\"noopener noreferrer\">HSD Student Learning Visual Transcript\u201d<\/a>, que acredita els objectius aconseguits pels alumnes aix\u00ed com tamb\u00e9 les habilitats i coneixements adquirits, sota conceptes globals com administraci\u00f3 d\u2019empreses, habilitats personals, interacci\u00f3 humana, habilitats operatives i integritat.<\/p>\n<p>HSD \u00e9s una xarxa global d\u2019institucions d\u2019educaci\u00f3 superior formada per deu membres, entre ells, l\u2019EUHT StPOL, que identifiquen i avaluen els coneixements, habilitats i comportaments que demana el sector de la direcci\u00f3 hotelera.[\/vc_column_text][\/vc_column][\/vc_row][vc_row][vc_column][vc_raw_html]JTNDZGl2JTIwYWxpZ24lM0QlMjJjZW50ZXIlMjIlM0UlM0NwJTNFJTNDYSUyMGRhdGEtZmxpY2tyLWVtYmVkJTNEJTIydHJ1ZSUyMiUyMCUyMGhyZWYlM0QlMjJodHRwcyUzQSUyRiUyRnd3dy5mbGlja3IuY29tJTJGcGhvdG9zJTJGZXVodHN0cG9sJTJGYWxidW1zJTJGNzIxNTc3MDE0NTYzNDAwNzIlMjIlMjB0aXRsZSUzRCUyMkFjdG8lMjBkZSUyMEdyYWR1YWNpJUMzJUIzbiUyMDIwMTglMjIlM0UlM0NpbWclMjBzcmMlM0QlMjJodHRwcyUzQSUyRiUyRmZhcm01LnN0YXRpY2ZsaWNrci5jb20lMkY0ODkwJTJGMzI0Nzk2ODAzNzhfM2U1OWQ2MWJhN19oLmpwZyUyMiUyMHdpZHRoJTNEJTIyMTYwMCUyMiUyMGhlaWdodCUzRCUyMjEyMDAlMjIlMjBhbHQlM0QlMjJBY3RvJTIwZGUlMjBHcmFkdWFjaSVDMyVCM24lMjAyMDE4JTIyJTNFJTNDJTJGYSUzRSUzQ3NjcmlwdCUyMGFzeW5jJTIwc3JjJTNEJTIyJTJGJTJGZW1iZWRyLmZsaWNrci5jb20lMkZhc3NldHMlMkZjbGllbnQtY29kZS5qcyUyMiUyMGNoYXJzZXQlM0QlMjJ1dGYtOCUyMiUzRSUzQyUyRnNjcmlwdCUzRSUzQyUyRnAlM0UlM0MlMkZkaXYlM0U=[\/vc_raw_html][\/vc_column][\/vc_row]<\/p>\n","protected":false},"excerpt":{"rendered":"<p>[vc_row][vc_column][vc_column_text]El passat divendres 14 de desembre de 2018 l\u2019Hotel-Escola de Sant Pol de Mar va acollir l\u2019Acte de Graduaci\u00f3 2018, cerim\u00f2nia durant la qual es va<span class=\"excerpt-hellip\"> [\u2026]<\/span><\/p>\n","protected":false},"author":1,"featured_media":4219,"comment_status":"closed","ping_status":"closed","sticky":false,"template":"","format":"standard","meta":{"footnotes":""},"categories":[1934,3696,3697],"tags":[3827,3837,1951,3823,3792,1949,3718,2656,3531,2050,3733,2105,2569],"class_list":["post-50625","post","type-post","status-publish","format-standard","has-post-thumbnail","hentry","category-noticias-euht-stpol","category-noticies","category-noticies-inici","tag-cicle-formatiu","tag-direccio-de-cuina","tag-direccio-hotelera","tag-gestio-hotelera","tag-graduacio","tag-grau-universitari","tag-grau-universitari-en-gestio-hotelera-i-turistica","tag-hotel-escuela","tag-hsd","tag-master","tag-restauracio","tag-restauracion","tag-sant-pol"],"yoast_head":"<!-- This site is optimized with the Yoast SEO plugin v25.8 - https:\/\/yoast.com\/wordpress\/plugins\/seo\/ -->\n<title>Acte de Graduaci\u00f3 2018 - EUHT StPOL<\/title>\n<meta name=\"robots\" content=\"index, follow, max-snippet:-1, max-image-preview:large, max-video-preview:-1\" \/>\n<link rel=\"canonical\" href=\"https:\/\/www.santpol.edu.es\/ca\/blog\/acte-de-graduacio-2018\/\" \/>\n<meta property=\"og:locale\" content=\"ca_ES\" \/>\n<meta property=\"og:type\" content=\"article\" \/>\n<meta property=\"og:title\" content=\"Acte de Graduaci\u00f3 2018 - EUHT StPOL\" \/>\n<meta property=\"og:description\" content=\"[vc_row][vc_column][vc_column_text]El passat divendres 14 de desembre de 2018 l\u2019Hotel-Escola de Sant Pol de Mar va acollir l\u2019Acte de Graduaci\u00f3 2018, cerim\u00f2nia durant la qual es va [\u2026]\" \/>\n<meta property=\"og:url\" content=\"https:\/\/www.santpol.edu.es\/ca\/blog\/acte-de-graduacio-2018\/\" \/>\n<meta property=\"og:site_name\" content=\"EUHT StPOL\" \/>\n<meta property=\"article:publisher\" content=\"https:\/\/www.facebook.com\/EUHTStPOL\" \/>\n<meta property=\"article:published_time\" content=\"2018-12-16T23:00:00+00:00\" \/>\n<meta property=\"article:modified_time\" content=\"2022-05-31T13:18:15+00:00\" \/>\n<meta property=\"og:image\" content=\"https:\/\/www.santpol.edu.es\/wp-content\/uploads\/2019\/10\/miniaturagraduacio2018-1.jpg\" \/>\n\t<meta property=\"og:image:width\" content=\"960\" \/>\n\t<meta property=\"og:image:height\" content=\"750\" \/>\n\t<meta property=\"og:image:type\" content=\"image\/jpeg\" \/>\n<meta name=\"author\" content=\"administrador\" \/>\n<meta name=\"twitter:card\" content=\"summary_large_image\" \/>\n<meta name=\"twitter:creator\" content=\"@euhtstpol\" \/>\n<meta name=\"twitter:site\" content=\"@euhtstpol\" \/>\n<meta name=\"twitter:label1\" content=\"Escrit per\" \/>\n\t<meta name=\"twitter:data1\" content=\"administrador\" \/>\n\t<meta name=\"twitter:label2\" content=\"Temps estimat de lectura\" \/>\n\t<meta name=\"twitter:data2\" content=\"2 minuts\" \/>\n<script type=\"application\/ld+json\" class=\"yoast-schema-graph\">{\"@context\":\"https:\/\/schema.org\",\"@graph\":[{\"@type\":\"Article\",\"@id\":\"https:\/\/www.santpol.edu.es\/ca\/blog\/acte-de-graduacio-2018\/#article\",\"isPartOf\":{\"@id\":\"https:\/\/www.santpol.edu.es\/ca\/blog\/acte-de-graduacio-2018\/\"},\"author\":{\"name\":\"administrador\",\"@id\":\"https:\/\/www.santpol.edu.es\/#\/schema\/person\/8d0caa258341c2a053f784650ff61a84\"},\"headline\":\"Acte de Graduaci\u00f3 2018\",\"datePublished\":\"2018-12-16T23:00:00+00:00\",\"dateModified\":\"2022-05-31T13:18:15+00:00\",\"mainEntityOfPage\":{\"@id\":\"https:\/\/www.santpol.edu.es\/ca\/blog\/acte-de-graduacio-2018\/\"},\"wordCount\":363,\"publisher\":{\"@id\":\"https:\/\/www.santpol.edu.es\/#organization\"},\"image\":{\"@id\":\"https:\/\/www.santpol.edu.es\/ca\/blog\/acte-de-graduacio-2018\/#primaryimage\"},\"thumbnailUrl\":\"https:\/\/www.santpol.edu.es\/wp-content\/uploads\/2019\/10\/miniaturagraduacio2018-1.jpg\",\"keywords\":[\"cicle formatiu\",\"direcci\u00f3 de cuina\",\"direcci\u00f3 hotelera\",\"gesti\u00f3 hotelera\",\"graduaci\u00f3\",\"grau universitari\",\"Grau Universitari en Gesti\u00f3 Hotelera i Tur\u00edstica\",\"hotel-escuela\",\"HSD\",\"m\u00e1ster\",\"restauraci\u00f3\",\"restauraci\u00f3n\",\"sant pol\"],\"articleSection\":[\"noticias EUHT StPOL\",\"Not\u00edcies\",\"Not\u00edcies Inici\"],\"inLanguage\":\"ca\"},{\"@type\":\"WebPage\",\"@id\":\"https:\/\/www.santpol.edu.es\/ca\/blog\/acte-de-graduacio-2018\/\",\"url\":\"https:\/\/www.santpol.edu.es\/ca\/blog\/acte-de-graduacio-2018\/\",\"name\":\"Acte de Graduaci\u00f3 2018 - EUHT StPOL\",\"isPartOf\":{\"@id\":\"https:\/\/www.santpol.edu.es\/#website\"},\"primaryImageOfPage\":{\"@id\":\"https:\/\/www.santpol.edu.es\/ca\/blog\/acte-de-graduacio-2018\/#primaryimage\"},\"image\":{\"@id\":\"https:\/\/www.santpol.edu.es\/ca\/blog\/acte-de-graduacio-2018\/#primaryimage\"},\"thumbnailUrl\":\"https:\/\/www.santpol.edu.es\/wp-content\/uploads\/2019\/10\/miniaturagraduacio2018-1.jpg\",\"datePublished\":\"2018-12-16T23:00:00+00:00\",\"dateModified\":\"2022-05-31T13:18:15+00:00\",\"inLanguage\":\"ca\",\"potentialAction\":[{\"@type\":\"ReadAction\",\"target\":[\"https:\/\/www.santpol.edu.es\/ca\/blog\/acte-de-graduacio-2018\/\"]}]},{\"@type\":\"ImageObject\",\"inLanguage\":\"ca\",\"@id\":\"https:\/\/www.santpol.edu.es\/ca\/blog\/acte-de-graduacio-2018\/#primaryimage\",\"url\":\"https:\/\/www.santpol.edu.es\/wp-content\/uploads\/2019\/10\/miniaturagraduacio2018-1.jpg\",\"contentUrl\":\"https:\/\/www.santpol.edu.es\/wp-content\/uploads\/2019\/10\/miniaturagraduacio2018-1.jpg\",\"width\":960,\"height\":750},{\"@type\":\"WebSite\",\"@id\":\"https:\/\/www.santpol.edu.es\/#website\",\"url\":\"https:\/\/www.santpol.edu.es\/\",\"name\":\"EUHT StPOL\",\"description\":\"Escuela Universitaria de Hoteler\u00eda y Turismo\",\"publisher\":{\"@id\":\"https:\/\/www.santpol.edu.es\/#organization\"},\"potentialAction\":[{\"@type\":\"SearchAction\",\"target\":{\"@type\":\"EntryPoint\",\"urlTemplate\":\"https:\/\/www.santpol.edu.es\/?s={search_term_string}\"},\"query-input\":{\"@type\":\"PropertyValueSpecification\",\"valueRequired\":true,\"valueName\":\"search_term_string\"}}],\"inLanguage\":\"ca\"},{\"@type\":\"Organization\",\"@id\":\"https:\/\/www.santpol.edu.es\/#organization\",\"name\":\"EUHT StPOL\",\"url\":\"https:\/\/www.santpol.edu.es\/\",\"logo\":{\"@type\":\"ImageObject\",\"inLanguage\":\"ca\",\"@id\":\"https:\/\/www.santpol.edu.es\/#\/schema\/logo\/image\/\",\"url\":\"https:\/\/santpol.edu.es\/wp-content\/uploads\/2019\/09\/logoweb-santpol.jpg\",\"contentUrl\":\"https:\/\/santpol.edu.es\/wp-content\/uploads\/2019\/09\/logoweb-santpol.jpg\",\"width\":324,\"height\":81,\"caption\":\"EUHT StPOL\"},\"image\":{\"@id\":\"https:\/\/www.santpol.edu.es\/#\/schema\/logo\/image\/\"},\"sameAs\":[\"https:\/\/www.facebook.com\/EUHTStPOL\",\"https:\/\/x.com\/euhtstpol\",\"https:\/\/www.instagram.com\/euhtstpol\/\",\"https:\/\/www.linkedin.com\/school\/euhtstpol-barcelona\/mycompany\/\",\"https:\/\/es.pinterest.com\/euhtstpol\/\",\"https:\/\/www.youtube.com\/user\/EUHTStPOL1\"]},{\"@type\":\"Person\",\"@id\":\"https:\/\/www.santpol.edu.es\/#\/schema\/person\/8d0caa258341c2a053f784650ff61a84\",\"name\":\"administrador\",\"image\":{\"@type\":\"ImageObject\",\"inLanguage\":\"ca\",\"@id\":\"https:\/\/www.santpol.edu.es\/#\/schema\/person\/image\/\",\"url\":\"https:\/\/www.santpol.edu.es\/wp-content\/litespeed\/avatar\/3e48ceb013e3dcc49deda32e2b823a70.jpg?ver=1777377023\",\"contentUrl\":\"https:\/\/www.santpol.edu.es\/wp-content\/litespeed\/avatar\/3e48ceb013e3dcc49deda32e2b823a70.jpg?ver=1777377023\",\"caption\":\"administrador\"}}]}<\/script>\n<!-- \/ Yoast SEO plugin. -->","yoast_head_json":{"title":"Acte de Graduaci\u00f3 2018 - EUHT StPOL","robots":{"index":"index","follow":"follow","max-snippet":"max-snippet:-1","max-image-preview":"max-image-preview:large","max-video-preview":"max-video-preview:-1"},"canonical":"https:\/\/www.santpol.edu.es\/ca\/blog\/acte-de-graduacio-2018\/","og_locale":"ca_ES","og_type":"article","og_title":"Acte de Graduaci\u00f3 2018 - EUHT StPOL","og_description":"[vc_row][vc_column][vc_column_text]El passat divendres 14 de desembre de 2018 l\u2019Hotel-Escola de Sant Pol de Mar va acollir l\u2019Acte de Graduaci\u00f3 2018, cerim\u00f2nia durant la qual es va [\u2026]","og_url":"https:\/\/www.santpol.edu.es\/ca\/blog\/acte-de-graduacio-2018\/","og_site_name":"EUHT StPOL","article_publisher":"https:\/\/www.facebook.com\/EUHTStPOL","article_published_time":"2018-12-16T23:00:00+00:00","article_modified_time":"2022-05-31T13:18:15+00:00","og_image":[{"width":960,"height":750,"url":"https:\/\/www.santpol.edu.es\/wp-content\/uploads\/2019\/10\/miniaturagraduacio2018-1.jpg","type":"image\/jpeg"}],"author":"administrador","twitter_card":"summary_large_image","twitter_creator":"@euhtstpol","twitter_site":"@euhtstpol","twitter_misc":{"Escrit per":"administrador","Temps estimat de lectura":"2 minuts"},"schema":{"@context":"https:\/\/schema.org","@graph":[{"@type":"Article","@id":"https:\/\/www.santpol.edu.es\/ca\/blog\/acte-de-graduacio-2018\/#article","isPartOf":{"@id":"https:\/\/www.santpol.edu.es\/ca\/blog\/acte-de-graduacio-2018\/"},"author":{"name":"administrador","@id":"https:\/\/www.santpol.edu.es\/#\/schema\/person\/8d0caa258341c2a053f784650ff61a84"},"headline":"Acte de Graduaci\u00f3 2018","datePublished":"2018-12-16T23:00:00+00:00","dateModified":"2022-05-31T13:18:15+00:00","mainEntityOfPage":{"@id":"https:\/\/www.santpol.edu.es\/ca\/blog\/acte-de-graduacio-2018\/"},"wordCount":363,"publisher":{"@id":"https:\/\/www.santpol.edu.es\/#organization"},"image":{"@id":"https:\/\/www.santpol.edu.es\/ca\/blog\/acte-de-graduacio-2018\/#primaryimage"},"thumbnailUrl":"https:\/\/www.santpol.edu.es\/wp-content\/uploads\/2019\/10\/miniaturagraduacio2018-1.jpg","keywords":["cicle formatiu","direcci\u00f3 de cuina","direcci\u00f3 hotelera","gesti\u00f3 hotelera","graduaci\u00f3","grau universitari","Grau Universitari en Gesti\u00f3 Hotelera i Tur\u00edstica","hotel-escuela","HSD","m\u00e1ster","restauraci\u00f3","restauraci\u00f3n","sant pol"],"articleSection":["noticias EUHT StPOL","Not\u00edcies","Not\u00edcies Inici"],"inLanguage":"ca"},{"@type":"WebPage","@id":"https:\/\/www.santpol.edu.es\/ca\/blog\/acte-de-graduacio-2018\/","url":"https:\/\/www.santpol.edu.es\/ca\/blog\/acte-de-graduacio-2018\/","name":"Acte de Graduaci\u00f3 2018 - EUHT StPOL","isPartOf":{"@id":"https:\/\/www.santpol.edu.es\/#website"},"primaryImageOfPage":{"@id":"https:\/\/www.santpol.edu.es\/ca\/blog\/acte-de-graduacio-2018\/#primaryimage"},"image":{"@id":"https:\/\/www.santpol.edu.es\/ca\/blog\/acte-de-graduacio-2018\/#primaryimage"},"thumbnailUrl":"https:\/\/www.santpol.edu.es\/wp-content\/uploads\/2019\/10\/miniaturagraduacio2018-1.jpg","datePublished":"2018-12-16T23:00:00+00:00","dateModified":"2022-05-31T13:18:15+00:00","inLanguage":"ca","potentialAction":[{"@type":"ReadAction","target":["https:\/\/www.santpol.edu.es\/ca\/blog\/acte-de-graduacio-2018\/"]}]},{"@type":"ImageObject","inLanguage":"ca","@id":"https:\/\/www.santpol.edu.es\/ca\/blog\/acte-de-graduacio-2018\/#primaryimage","url":"https:\/\/www.santpol.edu.es\/wp-content\/uploads\/2019\/10\/miniaturagraduacio2018-1.jpg","contentUrl":"https:\/\/www.santpol.edu.es\/wp-content\/uploads\/2019\/10\/miniaturagraduacio2018-1.jpg","width":960,"height":750},{"@type":"WebSite","@id":"https:\/\/www.santpol.edu.es\/#website","url":"https:\/\/www.santpol.edu.es\/","name":"EUHT StPOL","description":"Escuela Universitaria de Hoteler\u00eda y Turismo","publisher":{"@id":"https:\/\/www.santpol.edu.es\/#organization"},"potentialAction":[{"@type":"SearchAction","target":{"@type":"EntryPoint","urlTemplate":"https:\/\/www.santpol.edu.es\/?s={search_term_string}"},"query-input":{"@type":"PropertyValueSpecification","valueRequired":true,"valueName":"search_term_string"}}],"inLanguage":"ca"},{"@type":"Organization","@id":"https:\/\/www.santpol.edu.es\/#organization","name":"EUHT StPOL","url":"https:\/\/www.santpol.edu.es\/","logo":{"@type":"ImageObject","inLanguage":"ca","@id":"https:\/\/www.santpol.edu.es\/#\/schema\/logo\/image\/","url":"https:\/\/santpol.edu.es\/wp-content\/uploads\/2019\/09\/logoweb-santpol.jpg","contentUrl":"https:\/\/santpol.edu.es\/wp-content\/uploads\/2019\/09\/logoweb-santpol.jpg","width":324,"height":81,"caption":"EUHT StPOL"},"image":{"@id":"https:\/\/www.santpol.edu.es\/#\/schema\/logo\/image\/"},"sameAs":["https:\/\/www.facebook.com\/EUHTStPOL","https:\/\/x.com\/euhtstpol","https:\/\/www.instagram.com\/euhtstpol\/","https:\/\/www.linkedin.com\/school\/euhtstpol-barcelona\/mycompany\/","https:\/\/es.pinterest.com\/euhtstpol\/","https:\/\/www.youtube.com\/user\/EUHTStPOL1"]},{"@type":"Person","@id":"https:\/\/www.santpol.edu.es\/#\/schema\/person\/8d0caa258341c2a053f784650ff61a84","name":"administrador","image":{"@type":"ImageObject","inLanguage":"ca","@id":"https:\/\/www.santpol.edu.es\/#\/schema\/person\/image\/","url":"https:\/\/www.santpol.edu.es\/wp-content\/litespeed\/avatar\/3e48ceb013e3dcc49deda32e2b823a70.jpg?ver=1777377023","contentUrl":"https:\/\/www.santpol.edu.es\/wp-content\/litespeed\/avatar\/3e48ceb013e3dcc49deda32e2b823a70.jpg?ver=1777377023","caption":"administrador"}}]}},"_links":{"self":[{"href":"https:\/\/www.santpol.edu.es\/ca\/wp-json\/wp\/v2\/posts\/50625","targetHints":{"allow":["GET"]}}],"collection":[{"href":"https:\/\/www.santpol.edu.es\/ca\/wp-json\/wp\/v2\/posts"}],"about":[{"href":"https:\/\/www.santpol.edu.es\/ca\/wp-json\/wp\/v2\/types\/post"}],"author":[{"embeddable":true,"href":"https:\/\/www.santpol.edu.es\/ca\/wp-json\/wp\/v2\/users\/1"}],"replies":[{"embeddable":true,"href":"https:\/\/www.santpol.edu.es\/ca\/wp-json\/wp\/v2\/comments?post=50625"}],"version-history":[{"count":0,"href":"https:\/\/www.santpol.edu.es\/ca\/wp-json\/wp\/v2\/posts\/50625\/revisions"}],"wp:featuredmedia":[{"embeddable":true,"href":"https:\/\/www.santpol.edu.es\/ca\/wp-json\/wp\/v2\/media\/4219"}],"wp:attachment":[{"href":"https:\/\/www.santpol.edu.es\/ca\/wp-json\/wp\/v2\/media?parent=50625"}],"wp:term":[{"taxonomy":"category","embeddable":true,"href":"https:\/\/www.santpol.edu.es\/ca\/wp-json\/wp\/v2\/categories?post=50625"},{"taxonomy":"post_tag","embeddable":true,"href":"https:\/\/www.santpol.edu.es\/ca\/wp-json\/wp\/v2\/tags?post=50625"}],"curies":[{"name":"wp","href":"https:\/\/api.w.org\/{rel}","templated":true}]}}