{"id":52522,"date":"2020-04-30T11:51:49","date_gmt":"2020-04-30T09:51:49","guid":{"rendered":"https:\/\/www.santpol.edu.es\/el-nuevo-perfil-de-director-de-hotel-tras-el-covid-19\/"},"modified":"2020-05-05T17:00:27","modified_gmt":"2020-05-05T15:00:27","slug":"el-nou-perfil-de-director-hotel-despres-covid-19","status":"publish","type":"post","link":"https:\/\/www.santpol.edu.es\/ca\/blog\/el-nou-perfil-de-director-hotel-despres-covid-19\/","title":{"rendered":"El nou perfil de director d&#8217;hotel despr\u00e9s de la Covid-19"},"content":{"rendered":"<p>[vc_row][vc_column][vc_column_text]<strong>Quines s\u00f3n les habilitats, compet\u00e8ncies i coneixements que ha de tenir un directiu hoteler o cap de departament en l&#8217;escenari posterior a la Covid-19? Quin perfil de director d&#8217;hotel busquen les empreses hoteleres? Aquestes i altres preguntes van ser resoltes al <a href=\"https:\/\/santpol.edu.es\/webinar-perfiles-directivos-hoteles-post-covid19-criterios-seleccion\/\" target=\"_blank\" rel=\"noopener noreferrer\">webinar<\/a> &#8220;Els nous perfils de directius hotelers a l&#8217;escenari post Covid-19&#8221; organitzat per l&#8217;EUHT StPOL i en qu\u00e8 van participar Ferran Hern\u00e1ndez, director de Recursos Humans de Mandarin Oriental Ritz Madrid; Jordi Sala, director de recursos humans de l&#8217;Hotel Arts Barcelona (The Ritz-Carlton Hotel Company LLC. Marriott International) i Regina Santamar\u00eda, Associate Manager a Michael Page; juntament amb Llu\u00eds Serra, director general de l&#8217;EUHT StPOL i Eva Canaleta, directora acad\u00e8mica del centre.<\/strong><\/p>\n<p><strong>\u00a0<\/strong>[\/vc_column_text][vc_separator][vc_column_text]<\/p>\n<h2><strong>Els 4 pilars que defineixen un director d&#8217;hotel<\/strong><\/h2>\n<p>Segons Regina Santamar\u00eda, Associate Manager de <span  class=\"ofus \" data-loc=\"aHR0cHM6Ly93d3cubWljaGFlbHBhZ2UuZXMv\" data-window=\"new\"> Michael Page<\/span>, els quatre pilars que defineixen el perfil de director d&#8217;hotel seguiran essent els mateixos, tot i que<strong> hi haur\u00e0 factors que guanyaran import\u00e0ncia com l&#8217;adaptabilitat i els coneixements tecnol\u00f2gics.<\/strong> Quins s\u00f3n aquests quatre pilars?<\/p>\n<ol>\n<li><strong>Formaci\u00f3 i coneixements t\u00e8cnics<\/strong>: a m\u00e9s dels idiomes que s\u00f3n imprescindibles i de certa experi\u00e8ncia en el sector, Santamar\u00eda apunta que &#8220;es demanar\u00e0 m\u00e9s coneixement de la part digital i tecnol\u00f2gica&#8221;.<\/li>\n<li><strong><a href=\"https:\/\/santpol.edu.es\/blog\/liderazgo-y-trabajo-en-equipo-soft-skills-imprescindibles-para-la-direccion-hotelera\/\" target=\"_blank\" rel=\"noopener noreferrer\">Soft skills<\/a>:<\/strong> habilitats com la capacitat de gesti\u00f3 d&#8217;equips, treballar sota pressi\u00f3, autonomia, lideratge &#8230; Com canviar\u00e0? El l\u00edder o directiu haur\u00e0 de ser m\u00e9s proper amb l&#8217;equip per motivar-lo.<\/li>\n<li><strong>Intel\u00b7lig\u00e8ncia emocional:<\/strong> a l&#8217;escenari posterior a la Covid-19, es necessitar\u00e0 <strong>ser m\u00e9s emp\u00e0tic amb el personal i amb el client<\/strong>; saber gestionar m\u00e9s els sentiments i emocions.<\/li>\n<li><strong>Capacitat d&#8217;adaptaci\u00f3:<\/strong> segons Santamar\u00eda, ser\u00e0 un pilar fonamental.<\/li>\n<\/ol>\n<p>[\/vc_column_text][vc_column_text]<\/p>\n<h2><strong>Compet\u00e8ncies i habilitats per a un futur directiu hoteler<\/strong><\/h2>\n<p>Al webinar, Ferran Hern\u00e1ndez, director de Recursos Humans de <span  class=\"ofus \" data-loc=\"aHR0cHM6Ly93d3cubWFuZGFyaW5vcmllbnRhbC5lcy9tYWRyaWQvaG90ZWwtcml0ei9sdXh1cnktaG90ZWwvcHJlc2VudGF0aW9u\" data-window=\"new\">Mandarin Oriental Ritz Madrid,<\/span> va apuntar les noves compet\u00e8ncies que seran fonamentals d&#8217;ara en endavant per als directors o caps de departament en el sector hoteler. De fet, s\u00f3n totes aquelles compet\u00e8ncies relacionades amb el tracte a les persones i en especial:<\/p>\n<ul>\n<li>Ser un <strong>bon comunicador.<\/strong><\/li>\n<li>&#8220;Buscarem l\u00edders que dirigeixin equips de manera m\u00e9s propera&#8221;, ha detallat. Per tant, en el nou escenari, l&#8217;<strong>empatia i la intel\u00b7lig\u00e8ncia emocional<\/strong> tindran molta m\u00e9s import\u00e0ncia.<\/li>\n<li>Tenir <strong>agilitat en la presa de decisions<\/strong> per reaccionar en casos imprevistos.<\/li>\n<li>Comptar amb <strong>capacitat d&#8217;adaptaci\u00f3<\/strong> a les noves realitats, necessitats i est\u00e0ndards.<\/li>\n<\/ul>\n<p>Juntament amb la capacitat d&#8217;adaptaci\u00f3, Jordi Sala, director de Recursos Humans de l&#8217;Hotel Arts Barcelona, \u200b\u200bafegeix com a compet\u00e8ncia necess\u00e0ria per a tot directiu d&#8217;hotel al nou escenari posterior a la Covid-19, la <strong>flexibilitat<\/strong> en els equips.<\/p>\n<p>I la Regina Santamar\u00eda, destaca la <strong>creativitat i innovaci\u00f3 <\/strong>com a factors essencials per diferenciar-se de la compet\u00e8ncia. &#8220;Els perfils creatius i que aportin noves maneres de fer les coses i d&#8217;arribar al client seran els que tindran m\u00e9s \u00e8xit&#8221;, pronostica.[\/vc_column_text][vc_column_text]<\/p>\n<h2><strong>Noves posicions en els organigrames de les empreses hoteleres<\/strong><\/h2>\n<p><strong>&#8220;Estem entrant en una nova era del lideratge&#8221;<\/strong>, diu Jordi Sala, director de Recursos Humans de l&#8217;<a href=\"https:\/\/www.hotelartsbarcelona.com\/\" target=\"_blank\" rel=\"noopener noreferrer\">Hotel Arts Barcelona.<\/a> El nou escenari derivat de la Covid-19 comportar\u00e0, segons apunta, una necessitat de formaci\u00f3 per als l\u00edders del sector hoteler que permeti afrontar el canvi. I alhora, remarca la import\u00e0ncia de &#8220;<strong>posar les persones primer<\/strong>&#8221; \u00e9s a dir, <strong>empoderar<\/strong> els treballadors per &#8220;guanyar la seva lleialtat, reduir la rotaci\u00f3 de personal i retenir-los a les empreses&#8221; de manera que siguin el <strong>motor del canvi.<\/strong><\/p>\n<p>Segons Sala, algunes de les <strong>noves posicions que es crearan en els organigrames de les empreses hoteleres<\/strong> estaran vinculades amb:<\/p>\n<ul>\n<li>Refor\u00e7ar la<strong> prevenci\u00f3 de riscos laborals<\/strong>: si no existeix, ser\u00e0 necessari crear una nova posici\u00f3 que es dediqui nom\u00e9s a aix\u00f2.<\/li>\n<li>Refor\u00e7ar els nivells de <strong>control i supervisi\u00f3 de neteja,<\/strong> tant en els departaments de housekeeping com en totes les \u00e0rees dels hotels.<\/li>\n<li>Un departament nou que la seva ra\u00f3 d&#8217;existir ser\u00e0 tenir <strong>robots<\/strong> que facin funcions molt determinades.<\/li>\n<\/ul>\n<p>[\/vc_column_text][vc_column_text]Recupera el WEBINAR <strong>\u201cEls nous perfils de directius hotelers a l&#8217;escenari post Covid-19\u201d <\/strong>aqu\u00ed:[\/vc_column_text][vc_video link=&#8221;https:\/\/www.youtube.com\/watch?time_continue=1199&amp;v=aB6S6-YcNTE&amp;feature=emb_logo&#8221; el_width=&#8221;80&#8243; align=&#8221;center&#8221; css=&#8221;.vc_custom_1588240462939{padding-top: 0px !important;}&#8221;][\/vc_column][\/vc_row]<\/p>\n","protected":false},"excerpt":{"rendered":"<p>[vc_row][vc_column][vc_column_text]Quines s\u00f3n les habilitats, compet\u00e8ncies i coneixements que ha de tenir un directiu hoteler o cap de departament en l&#8217;escenari posterior a la Covid-19? Quin perfil<span class=\"excerpt-hellip\"> [\u2026]<\/span><\/p>\n","protected":false},"author":1,"featured_media":52412,"comment_status":"open","ping_status":"open","sticky":false,"template":"","format":"standard","meta":{"footnotes":""},"categories":[1945,1946],"tags":[4710,4712,7582,7587,7588,7589,7590,7591,7592,7593,7594,7595,7585,7586],"class_list":["post-52522","post","type-post","status-publish","format-standard","has-post-thumbnail","hentry","category-noticies-euht-stpol","category-noticies-home","tag-4710","tag-4712","tag-7582","tag-7587","tag-7588","tag-7589","tag-7590","tag-7591","tag-7592","tag-7593","tag-7594","tag-7595","tag-7585","tag-7586"],"yoast_head":"<!-- This site is optimized with the Yoast SEO plugin v25.8 - https:\/\/yoast.com\/wordpress\/plugins\/seo\/ -->\n<title>El nou perfil de director d&#039;hotel despr\u00e9s de la Covid-19 - EUHT StPOL<\/title>\n<meta name=\"description\" content=\"Responsables de recursos humans apunten en aquest webinar de l&#039;EUHT StPOL com ser\u00e0 el nou perfil de director d&#039;hotel despr\u00e9s de la Covid-19.\" \/>\n<meta name=\"robots\" content=\"index, follow, max-snippet:-1, max-image-preview:large, max-video-preview:-1\" \/>\n<link rel=\"canonical\" href=\"https:\/\/www.santpol.edu.es\/ca\/blog\/el-nou-perfil-de-director-hotel-despres-covid-19\/\" \/>\n<meta property=\"og:locale\" content=\"ca_ES\" \/>\n<meta property=\"og:type\" content=\"article\" \/>\n<meta property=\"og:title\" content=\"El nou perfil de director d&#039;hotel despr\u00e9s de la Covid-19 - EUHT StPOL\" \/>\n<meta property=\"og:description\" content=\"Responsables de recursos humans apunten en aquest webinar de l&#039;EUHT StPOL com ser\u00e0 el nou perfil de director d&#039;hotel despr\u00e9s de la Covid-19.\" \/>\n<meta property=\"og:url\" content=\"https:\/\/www.santpol.edu.es\/ca\/blog\/el-nou-perfil-de-director-hotel-despres-covid-19\/\" \/>\n<meta property=\"og:site_name\" content=\"EUHT StPOL\" \/>\n<meta property=\"article:publisher\" content=\"https:\/\/www.facebook.com\/EUHTStPOL\" \/>\n<meta property=\"article:published_time\" content=\"2020-04-30T09:51:49+00:00\" \/>\n<meta property=\"article:modified_time\" content=\"2020-05-05T15:00:27+00:00\" \/>\n<meta property=\"og:image\" content=\"https:\/\/www.santpol.edu.es\/wp-content\/uploads\/2020\/04\/webinar-perfil-director-hotel_euhtstpol.jpg\" \/>\n\t<meta property=\"og:image:width\" content=\"960\" \/>\n\t<meta property=\"og:image:height\" content=\"750\" \/>\n\t<meta property=\"og:image:type\" content=\"image\/jpeg\" \/>\n<meta name=\"author\" content=\"administrador\" \/>\n<meta name=\"twitter:card\" content=\"summary_large_image\" \/>\n<meta name=\"twitter:creator\" content=\"@euhtstpol\" \/>\n<meta name=\"twitter:site\" content=\"@euhtstpol\" \/>\n<meta name=\"twitter:label1\" content=\"Escrit per\" \/>\n\t<meta name=\"twitter:data1\" content=\"administrador\" \/>\n\t<meta name=\"twitter:label2\" content=\"Temps estimat de lectura\" \/>\n\t<meta name=\"twitter:data2\" content=\"4 minuts\" \/>\n<script type=\"application\/ld+json\" class=\"yoast-schema-graph\">{\"@context\":\"https:\/\/schema.org\",\"@graph\":[{\"@type\":\"Article\",\"@id\":\"https:\/\/www.santpol.edu.es\/ca\/blog\/el-nou-perfil-de-director-hotel-despres-covid-19\/#article\",\"isPartOf\":{\"@id\":\"https:\/\/www.santpol.edu.es\/ca\/blog\/el-nou-perfil-de-director-hotel-despres-covid-19\/\"},\"author\":{\"name\":\"administrador\",\"@id\":\"https:\/\/www.santpol.edu.es\/#\/schema\/person\/8d0caa258341c2a053f784650ff61a84\"},\"headline\":\"El nou perfil de director d&#8217;hotel despr\u00e9s de la Covid-19\",\"datePublished\":\"2020-04-30T09:51:49+00:00\",\"dateModified\":\"2020-05-05T15:00:27+00:00\",\"mainEntityOfPage\":{\"@id\":\"https:\/\/www.santpol.edu.es\/ca\/blog\/el-nou-perfil-de-director-hotel-despres-covid-19\/\"},\"wordCount\":784,\"commentCount\":0,\"publisher\":{\"@id\":\"https:\/\/www.santpol.edu.es\/#organization\"},\"image\":{\"@id\":\"https:\/\/www.santpol.edu.es\/ca\/blog\/el-nou-perfil-de-director-hotel-despres-covid-19\/#primaryimage\"},\"thumbnailUrl\":\"https:\/\/www.santpol.edu.es\/wp-content\/uploads\/2020\/04\/webinar-perfil-director-hotel_euhtstpol.jpg\",\"keywords\":[\"4348\",\"4707\",\"7573\",\"7574\",\"7575\",\"7576\",\"7577\",\"7578\",\"7579\",\"7580\",\"7581\",\"7582\",\"7583\",\"7584\"],\"articleSection\":[\"not\u00edcies EUHT StPOL\",\"not\u00edcies home\"],\"inLanguage\":\"ca\",\"potentialAction\":[{\"@type\":\"CommentAction\",\"name\":\"Comment\",\"target\":[\"https:\/\/www.santpol.edu.es\/ca\/blog\/el-nou-perfil-de-director-hotel-despres-covid-19\/#respond\"]}]},{\"@type\":\"WebPage\",\"@id\":\"https:\/\/www.santpol.edu.es\/ca\/blog\/el-nou-perfil-de-director-hotel-despres-covid-19\/\",\"url\":\"https:\/\/www.santpol.edu.es\/ca\/blog\/el-nou-perfil-de-director-hotel-despres-covid-19\/\",\"name\":\"El nou perfil de director d'hotel despr\u00e9s de la Covid-19 - EUHT StPOL\",\"isPartOf\":{\"@id\":\"https:\/\/www.santpol.edu.es\/#website\"},\"primaryImageOfPage\":{\"@id\":\"https:\/\/www.santpol.edu.es\/ca\/blog\/el-nou-perfil-de-director-hotel-despres-covid-19\/#primaryimage\"},\"image\":{\"@id\":\"https:\/\/www.santpol.edu.es\/ca\/blog\/el-nou-perfil-de-director-hotel-despres-covid-19\/#primaryimage\"},\"thumbnailUrl\":\"https:\/\/www.santpol.edu.es\/wp-content\/uploads\/2020\/04\/webinar-perfil-director-hotel_euhtstpol.jpg\",\"datePublished\":\"2020-04-30T09:51:49+00:00\",\"dateModified\":\"2020-05-05T15:00:27+00:00\",\"description\":\"Responsables de recursos humans apunten en aquest webinar de l'EUHT StPOL com ser\u00e0 el nou perfil de director d'hotel despr\u00e9s de la Covid-19.\",\"inLanguage\":\"ca\",\"potentialAction\":[{\"@type\":\"ReadAction\",\"target\":[\"https:\/\/www.santpol.edu.es\/ca\/blog\/el-nou-perfil-de-director-hotel-despres-covid-19\/\"]}]},{\"@type\":\"ImageObject\",\"inLanguage\":\"ca\",\"@id\":\"https:\/\/www.santpol.edu.es\/ca\/blog\/el-nou-perfil-de-director-hotel-despres-covid-19\/#primaryimage\",\"url\":\"https:\/\/www.santpol.edu.es\/wp-content\/uploads\/2020\/04\/webinar-perfil-director-hotel_euhtstpol.jpg\",\"contentUrl\":\"https:\/\/www.santpol.edu.es\/wp-content\/uploads\/2020\/04\/webinar-perfil-director-hotel_euhtstpol.jpg\",\"width\":960,\"height\":750,\"caption\":\"webinar perfil director hotel_euhtstpol\"},{\"@type\":\"WebSite\",\"@id\":\"https:\/\/www.santpol.edu.es\/#website\",\"url\":\"https:\/\/www.santpol.edu.es\/\",\"name\":\"EUHT StPOL\",\"description\":\"Escuela Universitaria de Hoteler\u00eda y Turismo\",\"publisher\":{\"@id\":\"https:\/\/www.santpol.edu.es\/#organization\"},\"potentialAction\":[{\"@type\":\"SearchAction\",\"target\":{\"@type\":\"EntryPoint\",\"urlTemplate\":\"https:\/\/www.santpol.edu.es\/?s={search_term_string}\"},\"query-input\":{\"@type\":\"PropertyValueSpecification\",\"valueRequired\":true,\"valueName\":\"search_term_string\"}}],\"inLanguage\":\"ca\"},{\"@type\":\"Organization\",\"@id\":\"https:\/\/www.santpol.edu.es\/#organization\",\"name\":\"EUHT StPOL\",\"url\":\"https:\/\/www.santpol.edu.es\/\",\"logo\":{\"@type\":\"ImageObject\",\"inLanguage\":\"ca\",\"@id\":\"https:\/\/www.santpol.edu.es\/#\/schema\/logo\/image\/\",\"url\":\"https:\/\/santpol.edu.es\/wp-content\/uploads\/2019\/09\/logoweb-santpol.jpg\",\"contentUrl\":\"https:\/\/santpol.edu.es\/wp-content\/uploads\/2019\/09\/logoweb-santpol.jpg\",\"width\":324,\"height\":81,\"caption\":\"EUHT StPOL\"},\"image\":{\"@id\":\"https:\/\/www.santpol.edu.es\/#\/schema\/logo\/image\/\"},\"sameAs\":[\"https:\/\/www.facebook.com\/EUHTStPOL\",\"https:\/\/x.com\/euhtstpol\",\"https:\/\/www.instagram.com\/euhtstpol\/\",\"https:\/\/www.linkedin.com\/school\/euhtstpol-barcelona\/mycompany\/\",\"https:\/\/es.pinterest.com\/euhtstpol\/\",\"https:\/\/www.youtube.com\/user\/EUHTStPOL1\"]},{\"@type\":\"Person\",\"@id\":\"https:\/\/www.santpol.edu.es\/#\/schema\/person\/8d0caa258341c2a053f784650ff61a84\",\"name\":\"administrador\",\"image\":{\"@type\":\"ImageObject\",\"inLanguage\":\"ca\",\"@id\":\"https:\/\/www.santpol.edu.es\/#\/schema\/person\/image\/\",\"url\":\"https:\/\/www.santpol.edu.es\/wp-content\/litespeed\/avatar\/3e48ceb013e3dcc49deda32e2b823a70.jpg?ver=1777377023\",\"contentUrl\":\"https:\/\/www.santpol.edu.es\/wp-content\/litespeed\/avatar\/3e48ceb013e3dcc49deda32e2b823a70.jpg?ver=1777377023\",\"caption\":\"administrador\"}}]}<\/script>\n<!-- \/ Yoast SEO plugin. -->","yoast_head_json":{"title":"El nou perfil de director d'hotel despr\u00e9s de la Covid-19 - EUHT StPOL","description":"Responsables de recursos humans apunten en aquest webinar de l'EUHT StPOL com ser\u00e0 el nou perfil de director d'hotel despr\u00e9s de la Covid-19.","robots":{"index":"index","follow":"follow","max-snippet":"max-snippet:-1","max-image-preview":"max-image-preview:large","max-video-preview":"max-video-preview:-1"},"canonical":"https:\/\/www.santpol.edu.es\/ca\/blog\/el-nou-perfil-de-director-hotel-despres-covid-19\/","og_locale":"ca_ES","og_type":"article","og_title":"El nou perfil de director d'hotel despr\u00e9s de la Covid-19 - EUHT StPOL","og_description":"Responsables de recursos humans apunten en aquest webinar de l'EUHT StPOL com ser\u00e0 el nou perfil de director d'hotel despr\u00e9s de la Covid-19.","og_url":"https:\/\/www.santpol.edu.es\/ca\/blog\/el-nou-perfil-de-director-hotel-despres-covid-19\/","og_site_name":"EUHT StPOL","article_publisher":"https:\/\/www.facebook.com\/EUHTStPOL","article_published_time":"2020-04-30T09:51:49+00:00","article_modified_time":"2020-05-05T15:00:27+00:00","og_image":[{"width":960,"height":750,"url":"https:\/\/www.santpol.edu.es\/wp-content\/uploads\/2020\/04\/webinar-perfil-director-hotel_euhtstpol.jpg","type":"image\/jpeg"}],"author":"administrador","twitter_card":"summary_large_image","twitter_creator":"@euhtstpol","twitter_site":"@euhtstpol","twitter_misc":{"Escrit per":"administrador","Temps estimat de lectura":"4 minuts"},"schema":{"@context":"https:\/\/schema.org","@graph":[{"@type":"Article","@id":"https:\/\/www.santpol.edu.es\/ca\/blog\/el-nou-perfil-de-director-hotel-despres-covid-19\/#article","isPartOf":{"@id":"https:\/\/www.santpol.edu.es\/ca\/blog\/el-nou-perfil-de-director-hotel-despres-covid-19\/"},"author":{"name":"administrador","@id":"https:\/\/www.santpol.edu.es\/#\/schema\/person\/8d0caa258341c2a053f784650ff61a84"},"headline":"El nou perfil de director d&#8217;hotel despr\u00e9s de la Covid-19","datePublished":"2020-04-30T09:51:49+00:00","dateModified":"2020-05-05T15:00:27+00:00","mainEntityOfPage":{"@id":"https:\/\/www.santpol.edu.es\/ca\/blog\/el-nou-perfil-de-director-hotel-despres-covid-19\/"},"wordCount":784,"commentCount":0,"publisher":{"@id":"https:\/\/www.santpol.edu.es\/#organization"},"image":{"@id":"https:\/\/www.santpol.edu.es\/ca\/blog\/el-nou-perfil-de-director-hotel-despres-covid-19\/#primaryimage"},"thumbnailUrl":"https:\/\/www.santpol.edu.es\/wp-content\/uploads\/2020\/04\/webinar-perfil-director-hotel_euhtstpol.jpg","keywords":["4348","4707","7573","7574","7575","7576","7577","7578","7579","7580","7581","7582","7583","7584"],"articleSection":["not\u00edcies EUHT StPOL","not\u00edcies home"],"inLanguage":"ca","potentialAction":[{"@type":"CommentAction","name":"Comment","target":["https:\/\/www.santpol.edu.es\/ca\/blog\/el-nou-perfil-de-director-hotel-despres-covid-19\/#respond"]}]},{"@type":"WebPage","@id":"https:\/\/www.santpol.edu.es\/ca\/blog\/el-nou-perfil-de-director-hotel-despres-covid-19\/","url":"https:\/\/www.santpol.edu.es\/ca\/blog\/el-nou-perfil-de-director-hotel-despres-covid-19\/","name":"El nou perfil de director d'hotel despr\u00e9s de la Covid-19 - EUHT StPOL","isPartOf":{"@id":"https:\/\/www.santpol.edu.es\/#website"},"primaryImageOfPage":{"@id":"https:\/\/www.santpol.edu.es\/ca\/blog\/el-nou-perfil-de-director-hotel-despres-covid-19\/#primaryimage"},"image":{"@id":"https:\/\/www.santpol.edu.es\/ca\/blog\/el-nou-perfil-de-director-hotel-despres-covid-19\/#primaryimage"},"thumbnailUrl":"https:\/\/www.santpol.edu.es\/wp-content\/uploads\/2020\/04\/webinar-perfil-director-hotel_euhtstpol.jpg","datePublished":"2020-04-30T09:51:49+00:00","dateModified":"2020-05-05T15:00:27+00:00","description":"Responsables de recursos humans apunten en aquest webinar de l'EUHT StPOL com ser\u00e0 el nou perfil de director d'hotel despr\u00e9s de la Covid-19.","inLanguage":"ca","potentialAction":[{"@type":"ReadAction","target":["https:\/\/www.santpol.edu.es\/ca\/blog\/el-nou-perfil-de-director-hotel-despres-covid-19\/"]}]},{"@type":"ImageObject","inLanguage":"ca","@id":"https:\/\/www.santpol.edu.es\/ca\/blog\/el-nou-perfil-de-director-hotel-despres-covid-19\/#primaryimage","url":"https:\/\/www.santpol.edu.es\/wp-content\/uploads\/2020\/04\/webinar-perfil-director-hotel_euhtstpol.jpg","contentUrl":"https:\/\/www.santpol.edu.es\/wp-content\/uploads\/2020\/04\/webinar-perfil-director-hotel_euhtstpol.jpg","width":960,"height":750,"caption":"webinar perfil director hotel_euhtstpol"},{"@type":"WebSite","@id":"https:\/\/www.santpol.edu.es\/#website","url":"https:\/\/www.santpol.edu.es\/","name":"EUHT StPOL","description":"Escuela Universitaria de Hoteler\u00eda y Turismo","publisher":{"@id":"https:\/\/www.santpol.edu.es\/#organization"},"potentialAction":[{"@type":"SearchAction","target":{"@type":"EntryPoint","urlTemplate":"https:\/\/www.santpol.edu.es\/?s={search_term_string}"},"query-input":{"@type":"PropertyValueSpecification","valueRequired":true,"valueName":"search_term_string"}}],"inLanguage":"ca"},{"@type":"Organization","@id":"https:\/\/www.santpol.edu.es\/#organization","name":"EUHT StPOL","url":"https:\/\/www.santpol.edu.es\/","logo":{"@type":"ImageObject","inLanguage":"ca","@id":"https:\/\/www.santpol.edu.es\/#\/schema\/logo\/image\/","url":"https:\/\/santpol.edu.es\/wp-content\/uploads\/2019\/09\/logoweb-santpol.jpg","contentUrl":"https:\/\/santpol.edu.es\/wp-content\/uploads\/2019\/09\/logoweb-santpol.jpg","width":324,"height":81,"caption":"EUHT StPOL"},"image":{"@id":"https:\/\/www.santpol.edu.es\/#\/schema\/logo\/image\/"},"sameAs":["https:\/\/www.facebook.com\/EUHTStPOL","https:\/\/x.com\/euhtstpol","https:\/\/www.instagram.com\/euhtstpol\/","https:\/\/www.linkedin.com\/school\/euhtstpol-barcelona\/mycompany\/","https:\/\/es.pinterest.com\/euhtstpol\/","https:\/\/www.youtube.com\/user\/EUHTStPOL1"]},{"@type":"Person","@id":"https:\/\/www.santpol.edu.es\/#\/schema\/person\/8d0caa258341c2a053f784650ff61a84","name":"administrador","image":{"@type":"ImageObject","inLanguage":"ca","@id":"https:\/\/www.santpol.edu.es\/#\/schema\/person\/image\/","url":"https:\/\/www.santpol.edu.es\/wp-content\/litespeed\/avatar\/3e48ceb013e3dcc49deda32e2b823a70.jpg?ver=1777377023","contentUrl":"https:\/\/www.santpol.edu.es\/wp-content\/litespeed\/avatar\/3e48ceb013e3dcc49deda32e2b823a70.jpg?ver=1777377023","caption":"administrador"}}]}},"_links":{"self":[{"href":"https:\/\/www.santpol.edu.es\/ca\/wp-json\/wp\/v2\/posts\/52522","targetHints":{"allow":["GET"]}}],"collection":[{"href":"https:\/\/www.santpol.edu.es\/ca\/wp-json\/wp\/v2\/posts"}],"about":[{"href":"https:\/\/www.santpol.edu.es\/ca\/wp-json\/wp\/v2\/types\/post"}],"author":[{"embeddable":true,"href":"https:\/\/www.santpol.edu.es\/ca\/wp-json\/wp\/v2\/users\/1"}],"replies":[{"embeddable":true,"href":"https:\/\/www.santpol.edu.es\/ca\/wp-json\/wp\/v2\/comments?post=52522"}],"version-history":[{"count":0,"href":"https:\/\/www.santpol.edu.es\/ca\/wp-json\/wp\/v2\/posts\/52522\/revisions"}],"wp:featuredmedia":[{"embeddable":true,"href":"https:\/\/www.santpol.edu.es\/ca\/wp-json\/wp\/v2\/media\/52412"}],"wp:attachment":[{"href":"https:\/\/www.santpol.edu.es\/ca\/wp-json\/wp\/v2\/media?parent=52522"}],"wp:term":[{"taxonomy":"category","embeddable":true,"href":"https:\/\/www.santpol.edu.es\/ca\/wp-json\/wp\/v2\/categories?post=52522"},{"taxonomy":"post_tag","embeddable":true,"href":"https:\/\/www.santpol.edu.es\/ca\/wp-json\/wp\/v2\/tags?post=52522"}],"curies":[{"name":"wp","href":"https:\/\/api.w.org\/{rel}","templated":true}]}}