{"id":58291,"date":"2022-11-15T10:44:58","date_gmt":"2022-11-15T09:44:58","guid":{"rendered":"https:\/\/www.santpol.edu.es\/?p=58291"},"modified":"2022-11-15T10:44:58","modified_gmt":"2022-11-15T09:44:58","slug":"euht-stpol-a-la-final-de-leuropean-young-chef-award-2022","status":"publish","type":"post","link":"https:\/\/www.santpol.edu.es\/ca\/blog\/euht-stpol-a-la-final-de-leuropean-young-chef-award-2022\/","title":{"rendered":"EUHT StPOL a la final de l&#8217;European Young Chef Award 2022"},"content":{"rendered":"<p>[vc_row][vc_column][vc_column_text]<b>El nostre alumne Ra\u00fal Gisbert ha representat Catalunya al concurs gastron\u00f2mic de joves promeses disputat a Noruega. El menorqu\u00ed Pau Sintes ha estat s\u2019ha imposat entre els 9 finalistes<\/b>[\/vc_column_text][vc_column_text]<span style=\"font-weight: 400;\">Aquest cap de setmana ha tingut lloc la sisena final de l&#8217;<a href=\"https:\/\/www.europeanyoungchefaward.org\/\"><strong>European Youth Chef Award 2022 (EYCA)<\/strong><\/a> a l&#8217;escola Strinda de Trondheim-Tr\u00f8ndelag (Noruega), Regi\u00f3 Europea de Gastronomia 2022, en la qual ha participat el nostre alumne <strong>Ra\u00fal Gisbert<\/strong>, despr\u00e9s de guanyar el <a href=\"https:\/\/santpol.edu.es\/ca\/blog\/raul-gisbert-alumne-euht-stpol-guanya-concurs-cuina-jove-catalunya-plat-vermut-tres-mossegades\/\"><strong>Premi de Cuina Jove de Catalunya<\/strong><\/a> el passat mes d&#8217;abril.<\/span><\/p>\n<p><span style=\"font-weight: 400;\">Tot i realitzar un gran treball i sorprendre els membres del jurat amb la seva reinvenci\u00f3 del concepte de vermut, aix\u00f2 no ha estat suficient per guanyar un concurs que s&#8217;ha endut el xef menorqu\u00ed <strong>Pau Sintes<\/strong>. El podi el completen <\/span><strong>S\u030cpela Kuhel <\/strong><span style=\"font-weight: 400;\">d&#8217;Eslov\u00e8nia i <\/span><strong>Ivar Follinglo Moe <\/strong><span style=\"font-weight: 400;\">de Trondheim-<\/span><span style=\"font-weight: 400;\">Tr\u00f8ndelag<\/span><span style=\"font-weight: 400;\">.<\/span>[\/vc_column_text][vc_single_image image=&#8221;58299&#8243; img_size=&#8221;large&#8221; alignment=&#8221;center&#8221;][vc_column_text]<\/p>\n<h2><strong>Vermut en tres mossegades: el plat amb major puntuaci\u00f3 global<\/strong><\/h2>\n<p><span style=\"font-weight: 400;\">Ra\u00fal, que est\u00e0 cursant el <a href=\"https:\/\/santpol.edu.es\/ca\/tecnic-en-gastronomia-i-restauracio\/?utm_source=mailing&amp;utm_medium=np&amp;utm_campaign=concurscuinajove&amp;utm_term=posterior\">Doble Cicle Formatiu de Grau Mitj\u00e0 en Gastronomia i Serveis de Restauraci\u00f3<\/a> de\u00a0 l\u2019EUHT StPOL, va presentar la seva proposta culin\u00e0ria titulada \u201c<strong>Vermut en 3 mossegades<\/strong>\u201d, una innovaci\u00f3 del nostre vermut habitual de patates xips, musclos en escabetx i olives farcides d&#8217;anxova.<\/span>[\/vc_column_text][vc_single_image image=&#8221;58314&#8243; img_size=&#8221;large&#8221; alignment=&#8221;center&#8221;][vc_column_text]<span style=\"font-weight: 400;\">Divendres, els 9 concursants van presentar les versions tradicionals dels plats, mentre que la jornada de dissabte va ser el dia de competici\u00f3 real. La proposta d\u2019en Ra\u00fal consisteix a integrar els diferents elements en un sol plat: les patates fregides es converteixen en un <strong>canel\u00f3 de patata recobert per una gelatina d&#8217;oli d&#8217;oliva<\/strong> amb una galeta cruixent de patata i neu picant per emular la salsa brava. Els <strong>musclos apareixen en forma de<\/strong> <strong>panacota<\/strong> i les<strong> olives farcides es converteixen en una tapenade<\/strong> emulant la seva forma natural, acompanyada d&#8217;escopinyes fresques. Tot plegat queda lligat per un gelat salat d&#8217;oli d&#8217;oliva.<\/span>[\/vc_column_text][vc_gallery interval=&#8221;3&#8243; images=&#8221;58311,58308,58305,58302&#8243; img_size=&#8221;large&#8221; onclick=&#8221;&#8221;][vc_column_text]<\/p>\n<h2><b>#EYCA2022 d&#8217;IGCAT<\/b><\/h2>\n<p><span style=\"font-weight: 400;\">L&#8217;EYCA \u00e9s un premi organitzat per l&#8217;<strong>Institut de Gastronomia, Cultura, Art i Turisme (IGCAT)<\/strong>, una entitat sense \u00e0nim de lucre que pret\u00e9n apoderar les comunitats locals a trav\u00e9s del foment de la seva idiosincr\u00e0sia cultural i de l&#8217;establiment de vincles de cooperaci\u00f3 entre regions. A m\u00e9s de la categoria de cuina jove, tamb\u00e9 organitza l&#8217;European Region of Gastronomy Award, el World Food Gift Challenge o el Food Film Menu entre altres concursos; i ostenta el secretariat oficial de les <strong>Regions Europees de Gastronomia<\/strong>.<\/span>[\/vc_column_text][vc_single_image image=&#8221;56920&#8243; img_size=&#8221;large&#8221; alignment=&#8221;center&#8221;][vc_column_text]<b>La participaci\u00f3 del representant de Catalunya a l\u2019European Young Chef Award (EYCA)<\/b><span style=\"font-weight: 400;\"> est\u00e0 impulsada per PRODECA i l\u2019Ag\u00e8ncia Catalana de Turisme, com a membres de la plataforma de les <\/span><a href=\"https:\/\/www.europeanregionofgastronomy.org\/\"><span style=\"font-weight: 400;\">Regions Europees de la Gastronomia<\/span><\/a><span style=\"font-weight: 400;\"> (European Regions of Gastronomy).<\/span><\/p>\n<p><span style=\"font-weight: 400;\">Les dues primeres edicions del cert\u00e0men es van celebrar a l&#8217;<\/span><b>Hotel-Escola d&#8217;EUHT StPOL<\/b><span style=\"font-weight: 400;\"> i des de llavors cada edici\u00f3 s&#8217;ha celebrat a la Regi\u00f3 Europea de Gastronomia de cada any. D&#8217;aquesta manera, el 2023 el concurs se celebrar\u00e0 a la regi\u00f3 de <\/span><b>Hautes-de-France<\/b><span style=\"font-weight: 400;\">.<\/span>[\/vc_column_text][\/vc_column][\/vc_row]<\/p>\n","protected":false},"excerpt":{"rendered":"<p>[vc_row][vc_column][vc_column_text]El nostre alumne Ra\u00fal Gisbert ha representat Catalunya al concurs gastron\u00f2mic de joves promeses disputat a Noruega. El menorqu\u00ed Pau Sintes ha estat s\u2019ha imposat entre<span class=\"excerpt-hellip\"> [\u2026]<\/span><\/p>\n","protected":false},"author":1,"featured_media":58296,"comment_status":"closed","ping_status":"closed","sticky":false,"template":"","format":"standard","meta":{"footnotes":""},"categories":[9847,4770,6216,4771,5025,4772,7544,9741,1945,1946,9742,10],"tags":[3862,1971,9883,1952,8305,3713,9687,6850,1972,9938],"class_list":["post-58291","post","type-post","status-publish","format-standard","has-post-thumbnail","hentry","category-notices-ca","category-noticias-en-ca","category-noticias-euht-stpol-ca","category-noticias-home-en-ca","category-noticias-inicio-ca","category-noticias-sector-en-ca","category-noticiasnoticias-euht-stpol-ca","category-noticies-ca","category-noticies-euht-stpol","category-noticies-home","category-noticies-inici-ca","category-sense-categoria","tag-concurs-cuina-jove-de-catalunya","tag-cuina","tag-cuiner-jove","tag-euht-stpol-ca","tag-euht-stpol-ca-2","tag-european-young-chef-award","tag-eyca-ca","tag-gastronomia-ca-2","tag-gastronomia-ca","tag-raul-gisbert"],"yoast_head":"<!-- This site is optimized with the Yoast SEO plugin v25.8 - https:\/\/yoast.com\/wordpress\/plugins\/seo\/ -->\n<title>EUHT StPOL a la final de l&#039;European Young Chef Award 2022 - EUHT StPOL<\/title>\n<meta name=\"description\" content=\"L\u00b4estudiant d\u00b4EUHT StPOL ha disputat el principal certamen europeu de cuina jove.\" \/>\n<meta name=\"robots\" content=\"index, follow, max-snippet:-1, max-image-preview:large, max-video-preview:-1\" \/>\n<link rel=\"canonical\" href=\"https:\/\/www.santpol.edu.es\/ca\/blog\/euht-stpol-a-la-final-de-leuropean-young-chef-award-2022\/\" \/>\n<meta property=\"og:locale\" content=\"ca_ES\" \/>\n<meta property=\"og:type\" content=\"article\" \/>\n<meta property=\"og:title\" content=\"EUHT StPOL a la final de l&#039;European Young Chef Award 2022 - EUHT StPOL\" \/>\n<meta property=\"og:description\" content=\"L\u00b4estudiant d\u00b4EUHT StPOL ha disputat el principal certamen europeu de cuina jove.\" \/>\n<meta property=\"og:url\" content=\"https:\/\/www.santpol.edu.es\/ca\/blog\/euht-stpol-a-la-final-de-leuropean-young-chef-award-2022\/\" \/>\n<meta property=\"og:site_name\" content=\"EUHT StPOL\" \/>\n<meta property=\"article:publisher\" content=\"https:\/\/www.facebook.com\/EUHTStPOL\" \/>\n<meta property=\"article:published_time\" content=\"2022-11-15T09:44:58+00:00\" \/>\n<meta property=\"og:image\" content=\"https:\/\/www.santpol.edu.es\/wp-content\/uploads\/2022\/04\/Diseno-sin-titulo-27.png\" \/>\n\t<meta property=\"og:image:width\" content=\"1600\" \/>\n\t<meta property=\"og:image:height\" content=\"900\" \/>\n\t<meta property=\"og:image:type\" content=\"image\/png\" \/>\n<meta name=\"author\" content=\"administrador\" \/>\n<meta name=\"twitter:card\" content=\"summary_large_image\" \/>\n<meta name=\"twitter:image\" content=\"https:\/\/www.santpol.edu.es\/wp-content\/uploads\/2022\/04\/Diseno-sin-titulo-27.png\" \/>\n<meta name=\"twitter:creator\" content=\"@euhtstpol\" \/>\n<meta name=\"twitter:site\" content=\"@euhtstpol\" \/>\n<meta name=\"twitter:label1\" content=\"Escrit per\" \/>\n\t<meta name=\"twitter:data1\" content=\"administrador\" \/>\n\t<meta name=\"twitter:label2\" content=\"Temps estimat de lectura\" \/>\n\t<meta name=\"twitter:data2\" content=\"4 minuts\" \/>\n<script type=\"application\/ld+json\" class=\"yoast-schema-graph\">{\"@context\":\"https:\/\/schema.org\",\"@graph\":[{\"@type\":\"Article\",\"@id\":\"https:\/\/www.santpol.edu.es\/ca\/blog\/euht-stpol-a-la-final-de-leuropean-young-chef-award-2022\/#article\",\"isPartOf\":{\"@id\":\"https:\/\/www.santpol.edu.es\/ca\/blog\/euht-stpol-a-la-final-de-leuropean-young-chef-award-2022\/\"},\"author\":{\"name\":\"administrador\",\"@id\":\"https:\/\/www.santpol.edu.es\/#\/schema\/person\/8d0caa258341c2a053f784650ff61a84\"},\"headline\":\"EUHT StPOL a la final de l&#8217;European Young Chef Award 2022\",\"datePublished\":\"2022-11-15T09:44:58+00:00\",\"mainEntityOfPage\":{\"@id\":\"https:\/\/www.santpol.edu.es\/ca\/blog\/euht-stpol-a-la-final-de-leuropean-young-chef-award-2022\/\"},\"wordCount\":583,\"publisher\":{\"@id\":\"https:\/\/www.santpol.edu.es\/#organization\"},\"image\":{\"@id\":\"https:\/\/www.santpol.edu.es\/ca\/blog\/euht-stpol-a-la-final-de-leuropean-young-chef-award-2022\/#primaryimage\"},\"thumbnailUrl\":\"https:\/\/www.santpol.edu.es\/wp-content\/uploads\/2022\/11\/WhatsApp-Image-2022-11-11-at-16.34.42.jpeg\",\"keywords\":[\"Concurs Cuina Jove de Catalunya\",\"cuina\",\"cuiner jove\",\"EUHT StPOL\",\"EUHT StPOL\",\"European Young Chef Award\",\"EYCA\",\"gastronom\u00eda\",\"gastronom\u00eda\",\"ra\u00fal gisbert\"],\"articleSection\":[\"Notices\",\"Noticias\",\"noticias EUHT StPOL\",\"noticias home\",\"Noticias Inicio\",\"Noticias Sector\",\"Noticias|Noticias EUHT StPOL\",\"Not\u00edcies\",\"not\u00edcies EUHT StPOL\",\"not\u00edcies home\",\"Not\u00edcies Inici\"],\"inLanguage\":\"ca\"},{\"@type\":\"WebPage\",\"@id\":\"https:\/\/www.santpol.edu.es\/ca\/blog\/euht-stpol-a-la-final-de-leuropean-young-chef-award-2022\/\",\"url\":\"https:\/\/www.santpol.edu.es\/ca\/blog\/euht-stpol-a-la-final-de-leuropean-young-chef-award-2022\/\",\"name\":\"EUHT StPOL a la final de l'European Young Chef Award 2022 - EUHT StPOL\",\"isPartOf\":{\"@id\":\"https:\/\/www.santpol.edu.es\/#website\"},\"primaryImageOfPage\":{\"@id\":\"https:\/\/www.santpol.edu.es\/ca\/blog\/euht-stpol-a-la-final-de-leuropean-young-chef-award-2022\/#primaryimage\"},\"image\":{\"@id\":\"https:\/\/www.santpol.edu.es\/ca\/blog\/euht-stpol-a-la-final-de-leuropean-young-chef-award-2022\/#primaryimage\"},\"thumbnailUrl\":\"https:\/\/www.santpol.edu.es\/wp-content\/uploads\/2022\/11\/WhatsApp-Image-2022-11-11-at-16.34.42.jpeg\",\"datePublished\":\"2022-11-15T09:44:58+00:00\",\"description\":\"L\u00b4estudiant d\u00b4EUHT StPOL ha disputat el principal certamen europeu de cuina jove.\",\"inLanguage\":\"ca\",\"potentialAction\":[{\"@type\":\"ReadAction\",\"target\":[\"https:\/\/www.santpol.edu.es\/ca\/blog\/euht-stpol-a-la-final-de-leuropean-young-chef-award-2022\/\"]}]},{\"@type\":\"ImageObject\",\"inLanguage\":\"ca\",\"@id\":\"https:\/\/www.santpol.edu.es\/ca\/blog\/euht-stpol-a-la-final-de-leuropean-young-chef-award-2022\/#primaryimage\",\"url\":\"https:\/\/www.santpol.edu.es\/wp-content\/uploads\/2022\/11\/WhatsApp-Image-2022-11-11-at-16.34.42.jpeg\",\"contentUrl\":\"https:\/\/www.santpol.edu.es\/wp-content\/uploads\/2022\/11\/WhatsApp-Image-2022-11-11-at-16.34.42.jpeg\",\"width\":1080,\"height\":1616},{\"@type\":\"WebSite\",\"@id\":\"https:\/\/www.santpol.edu.es\/#website\",\"url\":\"https:\/\/www.santpol.edu.es\/\",\"name\":\"EUHT StPOL\",\"description\":\"Escuela Universitaria de Hoteler\u00eda y Turismo\",\"publisher\":{\"@id\":\"https:\/\/www.santpol.edu.es\/#organization\"},\"potentialAction\":[{\"@type\":\"SearchAction\",\"target\":{\"@type\":\"EntryPoint\",\"urlTemplate\":\"https:\/\/www.santpol.edu.es\/?s={search_term_string}\"},\"query-input\":{\"@type\":\"PropertyValueSpecification\",\"valueRequired\":true,\"valueName\":\"search_term_string\"}}],\"inLanguage\":\"ca\"},{\"@type\":\"Organization\",\"@id\":\"https:\/\/www.santpol.edu.es\/#organization\",\"name\":\"EUHT StPOL\",\"url\":\"https:\/\/www.santpol.edu.es\/\",\"logo\":{\"@type\":\"ImageObject\",\"inLanguage\":\"ca\",\"@id\":\"https:\/\/www.santpol.edu.es\/#\/schema\/logo\/image\/\",\"url\":\"https:\/\/santpol.edu.es\/wp-content\/uploads\/2019\/09\/logoweb-santpol.jpg\",\"contentUrl\":\"https:\/\/santpol.edu.es\/wp-content\/uploads\/2019\/09\/logoweb-santpol.jpg\",\"width\":324,\"height\":81,\"caption\":\"EUHT StPOL\"},\"image\":{\"@id\":\"https:\/\/www.santpol.edu.es\/#\/schema\/logo\/image\/\"},\"sameAs\":[\"https:\/\/www.facebook.com\/EUHTStPOL\",\"https:\/\/x.com\/euhtstpol\",\"https:\/\/www.instagram.com\/euhtstpol\/\",\"https:\/\/www.linkedin.com\/school\/euhtstpol-barcelona\/mycompany\/\",\"https:\/\/es.pinterest.com\/euhtstpol\/\",\"https:\/\/www.youtube.com\/user\/EUHTStPOL1\"]},{\"@type\":\"Person\",\"@id\":\"https:\/\/www.santpol.edu.es\/#\/schema\/person\/8d0caa258341c2a053f784650ff61a84\",\"name\":\"administrador\",\"image\":{\"@type\":\"ImageObject\",\"inLanguage\":\"ca\",\"@id\":\"https:\/\/www.santpol.edu.es\/#\/schema\/person\/image\/\",\"url\":\"https:\/\/www.santpol.edu.es\/wp-content\/litespeed\/avatar\/3e48ceb013e3dcc49deda32e2b823a70.jpg?ver=1777377023\",\"contentUrl\":\"https:\/\/www.santpol.edu.es\/wp-content\/litespeed\/avatar\/3e48ceb013e3dcc49deda32e2b823a70.jpg?ver=1777377023\",\"caption\":\"administrador\"}}]}<\/script>\n<!-- \/ Yoast SEO plugin. -->","yoast_head_json":{"title":"EUHT StPOL a la final de l'European Young Chef Award 2022 - EUHT StPOL","description":"L\u00b4estudiant d\u00b4EUHT StPOL ha disputat el principal certamen europeu de cuina jove.","robots":{"index":"index","follow":"follow","max-snippet":"max-snippet:-1","max-image-preview":"max-image-preview:large","max-video-preview":"max-video-preview:-1"},"canonical":"https:\/\/www.santpol.edu.es\/ca\/blog\/euht-stpol-a-la-final-de-leuropean-young-chef-award-2022\/","og_locale":"ca_ES","og_type":"article","og_title":"EUHT StPOL a la final de l'European Young Chef Award 2022 - EUHT StPOL","og_description":"L\u00b4estudiant d\u00b4EUHT StPOL ha disputat el principal certamen europeu de cuina jove.","og_url":"https:\/\/www.santpol.edu.es\/ca\/blog\/euht-stpol-a-la-final-de-leuropean-young-chef-award-2022\/","og_site_name":"EUHT StPOL","article_publisher":"https:\/\/www.facebook.com\/EUHTStPOL","article_published_time":"2022-11-15T09:44:58+00:00","og_image":[{"width":1600,"height":900,"url":"https:\/\/www.santpol.edu.es\/wp-content\/uploads\/2022\/04\/Diseno-sin-titulo-27.png","type":"image\/png"}],"author":"administrador","twitter_card":"summary_large_image","twitter_image":"https:\/\/www.santpol.edu.es\/wp-content\/uploads\/2022\/04\/Diseno-sin-titulo-27.png","twitter_creator":"@euhtstpol","twitter_site":"@euhtstpol","twitter_misc":{"Escrit per":"administrador","Temps estimat de lectura":"4 minuts"},"schema":{"@context":"https:\/\/schema.org","@graph":[{"@type":"Article","@id":"https:\/\/www.santpol.edu.es\/ca\/blog\/euht-stpol-a-la-final-de-leuropean-young-chef-award-2022\/#article","isPartOf":{"@id":"https:\/\/www.santpol.edu.es\/ca\/blog\/euht-stpol-a-la-final-de-leuropean-young-chef-award-2022\/"},"author":{"name":"administrador","@id":"https:\/\/www.santpol.edu.es\/#\/schema\/person\/8d0caa258341c2a053f784650ff61a84"},"headline":"EUHT StPOL a la final de l&#8217;European Young Chef Award 2022","datePublished":"2022-11-15T09:44:58+00:00","mainEntityOfPage":{"@id":"https:\/\/www.santpol.edu.es\/ca\/blog\/euht-stpol-a-la-final-de-leuropean-young-chef-award-2022\/"},"wordCount":583,"publisher":{"@id":"https:\/\/www.santpol.edu.es\/#organization"},"image":{"@id":"https:\/\/www.santpol.edu.es\/ca\/blog\/euht-stpol-a-la-final-de-leuropean-young-chef-award-2022\/#primaryimage"},"thumbnailUrl":"https:\/\/www.santpol.edu.es\/wp-content\/uploads\/2022\/11\/WhatsApp-Image-2022-11-11-at-16.34.42.jpeg","keywords":["Concurs Cuina Jove de Catalunya","cuina","cuiner jove","EUHT StPOL","EUHT StPOL","European Young Chef Award","EYCA","gastronom\u00eda","gastronom\u00eda","ra\u00fal gisbert"],"articleSection":["Notices","Noticias","noticias EUHT StPOL","noticias home","Noticias Inicio","Noticias Sector","Noticias|Noticias EUHT StPOL","Not\u00edcies","not\u00edcies EUHT StPOL","not\u00edcies home","Not\u00edcies Inici"],"inLanguage":"ca"},{"@type":"WebPage","@id":"https:\/\/www.santpol.edu.es\/ca\/blog\/euht-stpol-a-la-final-de-leuropean-young-chef-award-2022\/","url":"https:\/\/www.santpol.edu.es\/ca\/blog\/euht-stpol-a-la-final-de-leuropean-young-chef-award-2022\/","name":"EUHT StPOL a la final de l'European Young Chef Award 2022 - EUHT StPOL","isPartOf":{"@id":"https:\/\/www.santpol.edu.es\/#website"},"primaryImageOfPage":{"@id":"https:\/\/www.santpol.edu.es\/ca\/blog\/euht-stpol-a-la-final-de-leuropean-young-chef-award-2022\/#primaryimage"},"image":{"@id":"https:\/\/www.santpol.edu.es\/ca\/blog\/euht-stpol-a-la-final-de-leuropean-young-chef-award-2022\/#primaryimage"},"thumbnailUrl":"https:\/\/www.santpol.edu.es\/wp-content\/uploads\/2022\/11\/WhatsApp-Image-2022-11-11-at-16.34.42.jpeg","datePublished":"2022-11-15T09:44:58+00:00","description":"L\u00b4estudiant d\u00b4EUHT StPOL ha disputat el principal certamen europeu de cuina jove.","inLanguage":"ca","potentialAction":[{"@type":"ReadAction","target":["https:\/\/www.santpol.edu.es\/ca\/blog\/euht-stpol-a-la-final-de-leuropean-young-chef-award-2022\/"]}]},{"@type":"ImageObject","inLanguage":"ca","@id":"https:\/\/www.santpol.edu.es\/ca\/blog\/euht-stpol-a-la-final-de-leuropean-young-chef-award-2022\/#primaryimage","url":"https:\/\/www.santpol.edu.es\/wp-content\/uploads\/2022\/11\/WhatsApp-Image-2022-11-11-at-16.34.42.jpeg","contentUrl":"https:\/\/www.santpol.edu.es\/wp-content\/uploads\/2022\/11\/WhatsApp-Image-2022-11-11-at-16.34.42.jpeg","width":1080,"height":1616},{"@type":"WebSite","@id":"https:\/\/www.santpol.edu.es\/#website","url":"https:\/\/www.santpol.edu.es\/","name":"EUHT StPOL","description":"Escuela Universitaria de Hoteler\u00eda y Turismo","publisher":{"@id":"https:\/\/www.santpol.edu.es\/#organization"},"potentialAction":[{"@type":"SearchAction","target":{"@type":"EntryPoint","urlTemplate":"https:\/\/www.santpol.edu.es\/?s={search_term_string}"},"query-input":{"@type":"PropertyValueSpecification","valueRequired":true,"valueName":"search_term_string"}}],"inLanguage":"ca"},{"@type":"Organization","@id":"https:\/\/www.santpol.edu.es\/#organization","name":"EUHT StPOL","url":"https:\/\/www.santpol.edu.es\/","logo":{"@type":"ImageObject","inLanguage":"ca","@id":"https:\/\/www.santpol.edu.es\/#\/schema\/logo\/image\/","url":"https:\/\/santpol.edu.es\/wp-content\/uploads\/2019\/09\/logoweb-santpol.jpg","contentUrl":"https:\/\/santpol.edu.es\/wp-content\/uploads\/2019\/09\/logoweb-santpol.jpg","width":324,"height":81,"caption":"EUHT StPOL"},"image":{"@id":"https:\/\/www.santpol.edu.es\/#\/schema\/logo\/image\/"},"sameAs":["https:\/\/www.facebook.com\/EUHTStPOL","https:\/\/x.com\/euhtstpol","https:\/\/www.instagram.com\/euhtstpol\/","https:\/\/www.linkedin.com\/school\/euhtstpol-barcelona\/mycompany\/","https:\/\/es.pinterest.com\/euhtstpol\/","https:\/\/www.youtube.com\/user\/EUHTStPOL1"]},{"@type":"Person","@id":"https:\/\/www.santpol.edu.es\/#\/schema\/person\/8d0caa258341c2a053f784650ff61a84","name":"administrador","image":{"@type":"ImageObject","inLanguage":"ca","@id":"https:\/\/www.santpol.edu.es\/#\/schema\/person\/image\/","url":"https:\/\/www.santpol.edu.es\/wp-content\/litespeed\/avatar\/3e48ceb013e3dcc49deda32e2b823a70.jpg?ver=1777377023","contentUrl":"https:\/\/www.santpol.edu.es\/wp-content\/litespeed\/avatar\/3e48ceb013e3dcc49deda32e2b823a70.jpg?ver=1777377023","caption":"administrador"}}]}},"_links":{"self":[{"href":"https:\/\/www.santpol.edu.es\/ca\/wp-json\/wp\/v2\/posts\/58291","targetHints":{"allow":["GET"]}}],"collection":[{"href":"https:\/\/www.santpol.edu.es\/ca\/wp-json\/wp\/v2\/posts"}],"about":[{"href":"https:\/\/www.santpol.edu.es\/ca\/wp-json\/wp\/v2\/types\/post"}],"author":[{"embeddable":true,"href":"https:\/\/www.santpol.edu.es\/ca\/wp-json\/wp\/v2\/users\/1"}],"replies":[{"embeddable":true,"href":"https:\/\/www.santpol.edu.es\/ca\/wp-json\/wp\/v2\/comments?post=58291"}],"version-history":[{"count":0,"href":"https:\/\/www.santpol.edu.es\/ca\/wp-json\/wp\/v2\/posts\/58291\/revisions"}],"wp:featuredmedia":[{"embeddable":true,"href":"https:\/\/www.santpol.edu.es\/ca\/wp-json\/wp\/v2\/media\/58296"}],"wp:attachment":[{"href":"https:\/\/www.santpol.edu.es\/ca\/wp-json\/wp\/v2\/media?parent=58291"}],"wp:term":[{"taxonomy":"category","embeddable":true,"href":"https:\/\/www.santpol.edu.es\/ca\/wp-json\/wp\/v2\/categories?post=58291"},{"taxonomy":"post_tag","embeddable":true,"href":"https:\/\/www.santpol.edu.es\/ca\/wp-json\/wp\/v2\/tags?post=58291"}],"curies":[{"name":"wp","href":"https:\/\/api.w.org\/{rel}","templated":true}]}}