{"id":58753,"date":"2023-03-10T09:47:37","date_gmt":"2023-03-10T08:47:37","guid":{"rendered":"https:\/\/www.santpol.edu.es\/?p=58753"},"modified":"2023-03-10T09:47:37","modified_gmt":"2023-03-10T08:47:37","slug":"60e-congres-deuhofa-la-primera-associacio-internacional-descoles-dhoteleria","status":"publish","type":"post","link":"https:\/\/www.santpol.edu.es\/ca\/blog\/60-congres-euhofa-la-primera-associacio-internacional-escoles-hoteleria\/","title":{"rendered":"60\u00e8 Congr\u00e9s d&#8217;EUHOFA, la primera associaci\u00f3 internacional d&#8217;escoles d&#8217;hoteleria"},"content":{"rendered":"<p>[vc_row][vc_column][vc_column_text]El passat mes de febrer va tenir lloc el <strong>60\u00ba Congreso de EUHOFA<\/strong> celebrat aquesta vegada a <strong>Ciutat de M\u00e8xic<\/strong>. Cinc d\u00edas en los que participaron m\u00e1s de 20 escuelas de hoteler\u00eda de todo el mundo, entre ellas, la Escuela Universitaria de Hoteler\u00eda y Turismo de Sant Pol de Mar (EUHT StPOL), el director de la qual, <strong>Llu\u00eds Serra, <a href=\"https:\/\/santpol.edu.es\/ca\/blog\/lluis-serra-director-de-leuht-stpol-escollit-president-deuhofa-international-la-primera-associacio-internacional-descoles-dhoteleria\/\">ocupa la presid\u00e8ncia d&#8217;EUHOFA des de 2019<\/a><\/strong>. Com a representant de l&#8217;EUHT StPOL va assistir tamb\u00e9 al Congr\u00e9s d&#8217;EUHOFA la Dra Eva Canaleta, directora acad\u00e8mica del centre.<\/p>\n<p>El <strong>Colegio Superior de Gastronom\u00eda<\/strong>, en col\u00b7laboraci\u00f3 amb la <strong>Universidad Panamericana<\/strong> i el <strong>Centro Culinario Ambros\u00eda<\/strong> va organitzar cinc pon\u00e8ncies impartides per professionals del sector, que va servir per centrar el tema de l&#8217;edici\u00f3 de 2023: la necessitat de potenciar la humanitzaci\u00f3 del sector hoteler per a m\u00e9s. sensibles a les realitats que ens envolten. Els participants treballaran conjuntament per trobar <strong>noves eines que garanteixin la m\u00e0xima qualitat educativa dels graduats <\/strong>en els seus centres universitaris abordant aspectes pr\u00e0ctics, com els riscos i oportunitats en l&#8217;F&amp;B, o aproximacions m\u00e9s te\u00f2riques, com la deconstrucci\u00f3 de la felicitat.<\/p>\n<p>EUHOFA \u00e9s, des de 1955,<strong> la primera associaci\u00f3 internacional de directores d&#8217;escoles d&#8217;hoteleria, turisme i gastronomia<\/strong> i actualment compta amb 200 membres dels cinc continents. \u00c9s doncs, un referent internacional en aquest sector.[\/vc_column_text][vc_images_carousel images=&#8221;58773,58776,58779&#8243; img_size=&#8221;960&#215;750&#8243; onclick=&#8221;link_no&#8221;][\/vc_column][\/vc_row]<\/p>\n","protected":false},"excerpt":{"rendered":"<p>[vc_row][vc_column][vc_column_text]El passat mes de febrer va tenir lloc el 60\u00ba Congreso de EUHOFA celebrat aquesta vegada a Ciutat de M\u00e8xic. Cinc d\u00edas en los que participaron<span class=\"excerpt-hellip\"> [\u2026]<\/span><\/p>\n","protected":false},"author":1,"featured_media":58770,"comment_status":"closed","ping_status":"closed","sticky":false,"template":"","format":"standard","meta":{"footnotes":""},"categories":[9365,4770,6216,4771,5025,4772,10],"tags":[9893,9892,9890,1951,7545,4186,9891,4341,6851,3780,5207],"class_list":["post-58753","post","type-post","status-publish","format-standard","has-post-thumbnail","hentry","category-news-homenoticias-euht-stpol-ca","category-noticias-en-ca","category-noticias-euht-stpol-ca","category-noticias-home-en-ca","category-noticias-inicio-ca","category-noticias-sector-en-ca","category-sense-categoria","tag-congres","tag-congres-euhofa","tag-congreso-euhofa-ca","tag-direccio-hotelera","tag-direccion-hotelera-2-ca","tag-euhofa-ca","tag-euhofa-ca-2","tag-hoteleria-ca","tag-hoteleria-2-ca","tag-turisme","tag-turismo-ca"],"yoast_head":"<!-- This site is optimized with the Yoast SEO plugin v25.8 - https:\/\/yoast.com\/wordpress\/plugins\/seo\/ -->\n<title>60\u00e8 Congr\u00e9s d&#039;EUHOFA, la primera associaci\u00f3 internacional d&#039;escoles d&#039;hoteleria<\/title>\n<meta name=\"description\" content=\"Al Congr\u00e9s d&#039;EUHOFA van participar-hi el director de l&#039;EUHT StPOL i president d&#039;aquesta associaci\u00f3 internacional i la directora acad\u00e8mica.\" \/>\n<meta name=\"robots\" content=\"index, follow, max-snippet:-1, max-image-preview:large, max-video-preview:-1\" \/>\n<link rel=\"canonical\" href=\"https:\/\/www.santpol.edu.es\/ca\/blog\/60-congres-euhofa-la-primera-associacio-internacional-escoles-hoteleria\/\" \/>\n<meta property=\"og:locale\" content=\"ca_ES\" \/>\n<meta property=\"og:type\" content=\"article\" \/>\n<meta property=\"og:title\" content=\"60\u00e8 Congr\u00e9s d&#039;EUHOFA, la primera associaci\u00f3 internacional d&#039;escoles d&#039;hoteleria\" \/>\n<meta property=\"og:description\" content=\"Al Congr\u00e9s d&#039;EUHOFA van participar-hi el director de l&#039;EUHT StPOL i president d&#039;aquesta associaci\u00f3 internacional i la directora acad\u00e8mica.\" \/>\n<meta property=\"og:url\" content=\"https:\/\/www.santpol.edu.es\/ca\/blog\/60-congres-euhofa-la-primera-associacio-internacional-escoles-hoteleria\/\" \/>\n<meta property=\"og:site_name\" content=\"EUHT StPOL\" \/>\n<meta property=\"article:publisher\" content=\"https:\/\/www.facebook.com\/EUHTStPOL\" \/>\n<meta property=\"article:published_time\" content=\"2023-03-10T08:47:37+00:00\" \/>\n<meta property=\"og:image\" content=\"https:\/\/www.santpol.edu.es\/wp-content\/uploads\/2023\/03\/MG_2991-1024x819.jpg\" \/>\n\t<meta property=\"og:image:width\" content=\"1024\" \/>\n\t<meta property=\"og:image:height\" content=\"819\" \/>\n\t<meta property=\"og:image:type\" content=\"image\/jpeg\" \/>\n<meta name=\"author\" content=\"administrador\" \/>\n<meta name=\"twitter:card\" content=\"summary_large_image\" \/>\n<meta name=\"twitter:creator\" content=\"@euhtstpol\" \/>\n<meta name=\"twitter:site\" content=\"@euhtstpol\" \/>\n<meta name=\"twitter:label1\" content=\"Escrit per\" \/>\n\t<meta name=\"twitter:data1\" content=\"administrador\" \/>\n\t<meta name=\"twitter:label2\" content=\"Temps estimat de lectura\" \/>\n\t<meta name=\"twitter:data2\" content=\"2 minuts\" \/>\n<script type=\"application\/ld+json\" class=\"yoast-schema-graph\">{\"@context\":\"https:\/\/schema.org\",\"@graph\":[{\"@type\":\"Article\",\"@id\":\"https:\/\/www.santpol.edu.es\/ca\/blog\/60-congres-euhofa-la-primera-associacio-internacional-escoles-hoteleria\/#article\",\"isPartOf\":{\"@id\":\"https:\/\/www.santpol.edu.es\/ca\/blog\/60-congres-euhofa-la-primera-associacio-internacional-escoles-hoteleria\/\"},\"author\":{\"name\":\"administrador\",\"@id\":\"https:\/\/www.santpol.edu.es\/#\/schema\/person\/8d0caa258341c2a053f784650ff61a84\"},\"headline\":\"60\u00e8 Congr\u00e9s d&#8217;EUHOFA, la primera associaci\u00f3 internacional d&#8217;escoles d&#8217;hoteleria\",\"datePublished\":\"2023-03-10T08:47:37+00:00\",\"mainEntityOfPage\":{\"@id\":\"https:\/\/www.santpol.edu.es\/ca\/blog\/60-congres-euhofa-la-primera-associacio-internacional-escoles-hoteleria\/\"},\"wordCount\":272,\"publisher\":{\"@id\":\"https:\/\/www.santpol.edu.es\/#organization\"},\"image\":{\"@id\":\"https:\/\/www.santpol.edu.es\/ca\/blog\/60-congres-euhofa-la-primera-associacio-internacional-escoles-hoteleria\/#primaryimage\"},\"thumbnailUrl\":\"https:\/\/www.santpol.edu.es\/wp-content\/uploads\/2023\/03\/MG_2991.jpg\",\"keywords\":[\"congr\u00e9s\",\"congr\u00e9s EUHOFA\",\"congreso EUHOFA\",\"direcci\u00f3 hotelera\",\"direcci\u00f3n hotelera\",\"EUHOFA\",\"EUHOFA\",\"hoteler\u00eda\",\"hoteler\u00eda\",\"turisme\",\"Tur\u00edsmo\"],\"articleSection\":[\"News Home|Noticias EUHT StPOL\",\"Noticias\",\"noticias EUHT StPOL\",\"noticias home\",\"Noticias Inicio\",\"Noticias Sector\"],\"inLanguage\":\"ca\"},{\"@type\":\"WebPage\",\"@id\":\"https:\/\/www.santpol.edu.es\/ca\/blog\/60-congres-euhofa-la-primera-associacio-internacional-escoles-hoteleria\/\",\"url\":\"https:\/\/www.santpol.edu.es\/ca\/blog\/60-congres-euhofa-la-primera-associacio-internacional-escoles-hoteleria\/\",\"name\":\"60\u00e8 Congr\u00e9s d'EUHOFA, la primera associaci\u00f3 internacional d'escoles d'hoteleria\",\"isPartOf\":{\"@id\":\"https:\/\/www.santpol.edu.es\/#website\"},\"primaryImageOfPage\":{\"@id\":\"https:\/\/www.santpol.edu.es\/ca\/blog\/60-congres-euhofa-la-primera-associacio-internacional-escoles-hoteleria\/#primaryimage\"},\"image\":{\"@id\":\"https:\/\/www.santpol.edu.es\/ca\/blog\/60-congres-euhofa-la-primera-associacio-internacional-escoles-hoteleria\/#primaryimage\"},\"thumbnailUrl\":\"https:\/\/www.santpol.edu.es\/wp-content\/uploads\/2023\/03\/MG_2991.jpg\",\"datePublished\":\"2023-03-10T08:47:37+00:00\",\"description\":\"Al Congr\u00e9s d'EUHOFA van participar-hi el director de l'EUHT StPOL i president d'aquesta associaci\u00f3 internacional i la directora acad\u00e8mica.\",\"inLanguage\":\"ca\",\"potentialAction\":[{\"@type\":\"ReadAction\",\"target\":[\"https:\/\/www.santpol.edu.es\/ca\/blog\/60-congres-euhofa-la-primera-associacio-internacional-escoles-hoteleria\/\"]}]},{\"@type\":\"ImageObject\",\"inLanguage\":\"ca\",\"@id\":\"https:\/\/www.santpol.edu.es\/ca\/blog\/60-congres-euhofa-la-primera-associacio-internacional-escoles-hoteleria\/#primaryimage\",\"url\":\"https:\/\/www.santpol.edu.es\/wp-content\/uploads\/2023\/03\/MG_2991.jpg\",\"contentUrl\":\"https:\/\/www.santpol.edu.es\/wp-content\/uploads\/2023\/03\/MG_2991.jpg\",\"width\":4218,\"height\":3374},{\"@type\":\"WebSite\",\"@id\":\"https:\/\/www.santpol.edu.es\/#website\",\"url\":\"https:\/\/www.santpol.edu.es\/\",\"name\":\"EUHT StPOL\",\"description\":\"Escuela Universitaria de Hoteler\u00eda y Turismo\",\"publisher\":{\"@id\":\"https:\/\/www.santpol.edu.es\/#organization\"},\"potentialAction\":[{\"@type\":\"SearchAction\",\"target\":{\"@type\":\"EntryPoint\",\"urlTemplate\":\"https:\/\/www.santpol.edu.es\/?s={search_term_string}\"},\"query-input\":{\"@type\":\"PropertyValueSpecification\",\"valueRequired\":true,\"valueName\":\"search_term_string\"}}],\"inLanguage\":\"ca\"},{\"@type\":\"Organization\",\"@id\":\"https:\/\/www.santpol.edu.es\/#organization\",\"name\":\"EUHT StPOL\",\"url\":\"https:\/\/www.santpol.edu.es\/\",\"logo\":{\"@type\":\"ImageObject\",\"inLanguage\":\"ca\",\"@id\":\"https:\/\/www.santpol.edu.es\/#\/schema\/logo\/image\/\",\"url\":\"https:\/\/santpol.edu.es\/wp-content\/uploads\/2019\/09\/logoweb-santpol.jpg\",\"contentUrl\":\"https:\/\/santpol.edu.es\/wp-content\/uploads\/2019\/09\/logoweb-santpol.jpg\",\"width\":324,\"height\":81,\"caption\":\"EUHT StPOL\"},\"image\":{\"@id\":\"https:\/\/www.santpol.edu.es\/#\/schema\/logo\/image\/\"},\"sameAs\":[\"https:\/\/www.facebook.com\/EUHTStPOL\",\"https:\/\/x.com\/euhtstpol\",\"https:\/\/www.instagram.com\/euhtstpol\/\",\"https:\/\/www.linkedin.com\/school\/euhtstpol-barcelona\/mycompany\/\",\"https:\/\/es.pinterest.com\/euhtstpol\/\",\"https:\/\/www.youtube.com\/user\/EUHTStPOL1\"]},{\"@type\":\"Person\",\"@id\":\"https:\/\/www.santpol.edu.es\/#\/schema\/person\/8d0caa258341c2a053f784650ff61a84\",\"name\":\"administrador\",\"image\":{\"@type\":\"ImageObject\",\"inLanguage\":\"ca\",\"@id\":\"https:\/\/www.santpol.edu.es\/#\/schema\/person\/image\/\",\"url\":\"https:\/\/www.santpol.edu.es\/wp-content\/litespeed\/avatar\/3e48ceb013e3dcc49deda32e2b823a70.jpg?ver=1777377023\",\"contentUrl\":\"https:\/\/www.santpol.edu.es\/wp-content\/litespeed\/avatar\/3e48ceb013e3dcc49deda32e2b823a70.jpg?ver=1777377023\",\"caption\":\"administrador\"}}]}<\/script>\n<!-- \/ Yoast SEO plugin. -->","yoast_head_json":{"title":"60\u00e8 Congr\u00e9s d'EUHOFA, la primera associaci\u00f3 internacional d'escoles d'hoteleria","description":"Al Congr\u00e9s d'EUHOFA van participar-hi el director de l'EUHT StPOL i president d'aquesta associaci\u00f3 internacional i la directora acad\u00e8mica.","robots":{"index":"index","follow":"follow","max-snippet":"max-snippet:-1","max-image-preview":"max-image-preview:large","max-video-preview":"max-video-preview:-1"},"canonical":"https:\/\/www.santpol.edu.es\/ca\/blog\/60-congres-euhofa-la-primera-associacio-internacional-escoles-hoteleria\/","og_locale":"ca_ES","og_type":"article","og_title":"60\u00e8 Congr\u00e9s d'EUHOFA, la primera associaci\u00f3 internacional d'escoles d'hoteleria","og_description":"Al Congr\u00e9s d'EUHOFA van participar-hi el director de l'EUHT StPOL i president d'aquesta associaci\u00f3 internacional i la directora acad\u00e8mica.","og_url":"https:\/\/www.santpol.edu.es\/ca\/blog\/60-congres-euhofa-la-primera-associacio-internacional-escoles-hoteleria\/","og_site_name":"EUHT StPOL","article_publisher":"https:\/\/www.facebook.com\/EUHTStPOL","article_published_time":"2023-03-10T08:47:37+00:00","og_image":[{"width":1024,"height":819,"url":"https:\/\/www.santpol.edu.es\/wp-content\/uploads\/2023\/03\/MG_2991-1024x819.jpg","type":"image\/jpeg"}],"author":"administrador","twitter_card":"summary_large_image","twitter_creator":"@euhtstpol","twitter_site":"@euhtstpol","twitter_misc":{"Escrit per":"administrador","Temps estimat de lectura":"2 minuts"},"schema":{"@context":"https:\/\/schema.org","@graph":[{"@type":"Article","@id":"https:\/\/www.santpol.edu.es\/ca\/blog\/60-congres-euhofa-la-primera-associacio-internacional-escoles-hoteleria\/#article","isPartOf":{"@id":"https:\/\/www.santpol.edu.es\/ca\/blog\/60-congres-euhofa-la-primera-associacio-internacional-escoles-hoteleria\/"},"author":{"name":"administrador","@id":"https:\/\/www.santpol.edu.es\/#\/schema\/person\/8d0caa258341c2a053f784650ff61a84"},"headline":"60\u00e8 Congr\u00e9s d&#8217;EUHOFA, la primera associaci\u00f3 internacional d&#8217;escoles d&#8217;hoteleria","datePublished":"2023-03-10T08:47:37+00:00","mainEntityOfPage":{"@id":"https:\/\/www.santpol.edu.es\/ca\/blog\/60-congres-euhofa-la-primera-associacio-internacional-escoles-hoteleria\/"},"wordCount":272,"publisher":{"@id":"https:\/\/www.santpol.edu.es\/#organization"},"image":{"@id":"https:\/\/www.santpol.edu.es\/ca\/blog\/60-congres-euhofa-la-primera-associacio-internacional-escoles-hoteleria\/#primaryimage"},"thumbnailUrl":"https:\/\/www.santpol.edu.es\/wp-content\/uploads\/2023\/03\/MG_2991.jpg","keywords":["congr\u00e9s","congr\u00e9s EUHOFA","congreso EUHOFA","direcci\u00f3 hotelera","direcci\u00f3n hotelera","EUHOFA","EUHOFA","hoteler\u00eda","hoteler\u00eda","turisme","Tur\u00edsmo"],"articleSection":["News Home|Noticias EUHT StPOL","Noticias","noticias EUHT StPOL","noticias home","Noticias Inicio","Noticias Sector"],"inLanguage":"ca"},{"@type":"WebPage","@id":"https:\/\/www.santpol.edu.es\/ca\/blog\/60-congres-euhofa-la-primera-associacio-internacional-escoles-hoteleria\/","url":"https:\/\/www.santpol.edu.es\/ca\/blog\/60-congres-euhofa-la-primera-associacio-internacional-escoles-hoteleria\/","name":"60\u00e8 Congr\u00e9s d'EUHOFA, la primera associaci\u00f3 internacional d'escoles d'hoteleria","isPartOf":{"@id":"https:\/\/www.santpol.edu.es\/#website"},"primaryImageOfPage":{"@id":"https:\/\/www.santpol.edu.es\/ca\/blog\/60-congres-euhofa-la-primera-associacio-internacional-escoles-hoteleria\/#primaryimage"},"image":{"@id":"https:\/\/www.santpol.edu.es\/ca\/blog\/60-congres-euhofa-la-primera-associacio-internacional-escoles-hoteleria\/#primaryimage"},"thumbnailUrl":"https:\/\/www.santpol.edu.es\/wp-content\/uploads\/2023\/03\/MG_2991.jpg","datePublished":"2023-03-10T08:47:37+00:00","description":"Al Congr\u00e9s d'EUHOFA van participar-hi el director de l'EUHT StPOL i president d'aquesta associaci\u00f3 internacional i la directora acad\u00e8mica.","inLanguage":"ca","potentialAction":[{"@type":"ReadAction","target":["https:\/\/www.santpol.edu.es\/ca\/blog\/60-congres-euhofa-la-primera-associacio-internacional-escoles-hoteleria\/"]}]},{"@type":"ImageObject","inLanguage":"ca","@id":"https:\/\/www.santpol.edu.es\/ca\/blog\/60-congres-euhofa-la-primera-associacio-internacional-escoles-hoteleria\/#primaryimage","url":"https:\/\/www.santpol.edu.es\/wp-content\/uploads\/2023\/03\/MG_2991.jpg","contentUrl":"https:\/\/www.santpol.edu.es\/wp-content\/uploads\/2023\/03\/MG_2991.jpg","width":4218,"height":3374},{"@type":"WebSite","@id":"https:\/\/www.santpol.edu.es\/#website","url":"https:\/\/www.santpol.edu.es\/","name":"EUHT StPOL","description":"Escuela Universitaria de Hoteler\u00eda y Turismo","publisher":{"@id":"https:\/\/www.santpol.edu.es\/#organization"},"potentialAction":[{"@type":"SearchAction","target":{"@type":"EntryPoint","urlTemplate":"https:\/\/www.santpol.edu.es\/?s={search_term_string}"},"query-input":{"@type":"PropertyValueSpecification","valueRequired":true,"valueName":"search_term_string"}}],"inLanguage":"ca"},{"@type":"Organization","@id":"https:\/\/www.santpol.edu.es\/#organization","name":"EUHT StPOL","url":"https:\/\/www.santpol.edu.es\/","logo":{"@type":"ImageObject","inLanguage":"ca","@id":"https:\/\/www.santpol.edu.es\/#\/schema\/logo\/image\/","url":"https:\/\/santpol.edu.es\/wp-content\/uploads\/2019\/09\/logoweb-santpol.jpg","contentUrl":"https:\/\/santpol.edu.es\/wp-content\/uploads\/2019\/09\/logoweb-santpol.jpg","width":324,"height":81,"caption":"EUHT StPOL"},"image":{"@id":"https:\/\/www.santpol.edu.es\/#\/schema\/logo\/image\/"},"sameAs":["https:\/\/www.facebook.com\/EUHTStPOL","https:\/\/x.com\/euhtstpol","https:\/\/www.instagram.com\/euhtstpol\/","https:\/\/www.linkedin.com\/school\/euhtstpol-barcelona\/mycompany\/","https:\/\/es.pinterest.com\/euhtstpol\/","https:\/\/www.youtube.com\/user\/EUHTStPOL1"]},{"@type":"Person","@id":"https:\/\/www.santpol.edu.es\/#\/schema\/person\/8d0caa258341c2a053f784650ff61a84","name":"administrador","image":{"@type":"ImageObject","inLanguage":"ca","@id":"https:\/\/www.santpol.edu.es\/#\/schema\/person\/image\/","url":"https:\/\/www.santpol.edu.es\/wp-content\/litespeed\/avatar\/3e48ceb013e3dcc49deda32e2b823a70.jpg?ver=1777377023","contentUrl":"https:\/\/www.santpol.edu.es\/wp-content\/litespeed\/avatar\/3e48ceb013e3dcc49deda32e2b823a70.jpg?ver=1777377023","caption":"administrador"}}]}},"_links":{"self":[{"href":"https:\/\/www.santpol.edu.es\/ca\/wp-json\/wp\/v2\/posts\/58753","targetHints":{"allow":["GET"]}}],"collection":[{"href":"https:\/\/www.santpol.edu.es\/ca\/wp-json\/wp\/v2\/posts"}],"about":[{"href":"https:\/\/www.santpol.edu.es\/ca\/wp-json\/wp\/v2\/types\/post"}],"author":[{"embeddable":true,"href":"https:\/\/www.santpol.edu.es\/ca\/wp-json\/wp\/v2\/users\/1"}],"replies":[{"embeddable":true,"href":"https:\/\/www.santpol.edu.es\/ca\/wp-json\/wp\/v2\/comments?post=58753"}],"version-history":[{"count":3,"href":"https:\/\/www.santpol.edu.es\/ca\/wp-json\/wp\/v2\/posts\/58753\/revisions"}],"predecessor-version":[{"id":58782,"href":"https:\/\/www.santpol.edu.es\/ca\/wp-json\/wp\/v2\/posts\/58753\/revisions\/58782"}],"wp:featuredmedia":[{"embeddable":true,"href":"https:\/\/www.santpol.edu.es\/ca\/wp-json\/wp\/v2\/media\/58770"}],"wp:attachment":[{"href":"https:\/\/www.santpol.edu.es\/ca\/wp-json\/wp\/v2\/media?parent=58753"}],"wp:term":[{"taxonomy":"category","embeddable":true,"href":"https:\/\/www.santpol.edu.es\/ca\/wp-json\/wp\/v2\/categories?post=58753"},{"taxonomy":"post_tag","embeddable":true,"href":"https:\/\/www.santpol.edu.es\/ca\/wp-json\/wp\/v2\/tags?post=58753"}],"curies":[{"name":"wp","href":"https:\/\/api.w.org\/{rel}","templated":true}]}}