{"id":59651,"date":"2023-09-20T09:58:44","date_gmt":"2023-09-20T07:58:44","guid":{"rendered":"https:\/\/www.santpol.edu.es\/?p=59651"},"modified":"2023-09-20T09:58:44","modified_gmt":"2023-09-20T07:58:44","slug":"comencem-el-curs-academic-2023-24","status":"publish","type":"post","link":"https:\/\/www.santpol.edu.es\/ca\/blog\/comencem-el-curs-academic-2023-24\/","title":{"rendered":"Comencem el Curs Acad\u00e8mic 2023-24"},"content":{"rendered":"<p>[vc_row][vc_column][vc_column_text]<strong>Aquesta setmana iniciem oficialment el curs acad\u00e8mic 2023\/2024 a l&#8217;Escola Universit\u00e0ria d&#8217;Hoteleria i Turisme de Sant Pol de Mar (EUHT StPOL). Un curs que compta amb l&#8217;estrena del M\u00e0ster en Arts Culin\u00e0ries, Innovaci\u00f3 i Direcci\u00f3 de Cuina que actualitza el programa especialitzat en Alta Cuina d&#8217;EUHT StPOL. Amb aquesta haur\u00e0 entrenat fins a 25 generacions d&#8217;alumnes. Si vols estar al dia de les darreres novetats del curs, dedica-hi un parell de minuts m\u00e9s a seguir llegint aquest article.<\/strong>[\/vc_column_text][vc_column_text]Dimarts 19 de setembre l&#8217;alumnat de primer curs del <strong>Grau oficial en Gesti\u00f3 Hotelera i Tur\u00edstica<\/strong> i el del <strong>Cicle Formatiu de Grau Mitj\u00e0 en Gastronomia i Restauraci\u00f3<\/strong> s&#8217;han donat cita a la sessi\u00f3 de benvinguda que dona inici oficial al curs acad\u00e8mic 2023-24.<\/p>\n<p>Se sumen als estudiants dels programes de m\u00e0ster que van comen\u00e7ar el 4 de setembre passat. D&#8217;una banda, l&#8217;alumnat del <strong>Master in Hospitality Management<\/strong> va comen\u00e7ar la formaci\u00f3 d&#8217;introducci\u00f3 a la gesti\u00f3 hotelera que t\u00e9 lloc durant tot el mes i en qu\u00e8, d&#8217;una manera intensiva, es posen a punt per adquirir els fonaments te\u00f2rics que necessitessin durant el mes m\u00e0ster. D&#8217;altra banda, tamb\u00e9 s&#8217;ha iniciat el <strong>M\u00e0ster en Arts Culin\u00e0ries, Innovaci\u00f3 i Direcci\u00f3 de Cuina<\/strong>, tant en espanyol com en angl\u00e8s.<\/p>\n<p>A m\u00e9s, el proper 25 de setembre, comen\u00e7aran les classes els alumnes del M\u00e0ster in Hospitality Management en les seves modalitats en l\u00ednia i semipresencial.[\/vc_column_text][vc_column_text]<\/p>\n<h3><strong>Un programa renovat<\/strong><\/h3>\n<p>La gran <strong>novetat<\/strong> d\u201faquest curs 2023\/2024 \u00e9s l\u201factualitzaci\u00f3 del programa de m\u00e0ster en arts culin\u00e0ries d\u201fEUHT StPOL. Es tracta, originalment, del curs universitari superior en <strong>gastronomia europea m\u00e9s antic del m\u00f3n<\/strong> que arriba renovat per adaptar-se a les darreres tend\u00e8ncies del sector, en especial, els aspectes vinculats a la innovaci\u00f3 culin\u00e0ria tant des del punt de vista de la t\u00e8cnica com de la gesti\u00f3 de la cuina.<\/p>\n<p>Durant les tres primeres setmanes de setembre, l&#8217;alumnat ha estat avaluat en un <strong><em>bootcamp<\/em> en servei de cuina professional <\/strong>per observar-ne la facilitat, el coneixement i les capacitats de treball en equip abans d&#8217;entrar de ple amb les classes magistrals.<\/p>\n<p>A m\u00e9s, aquest curs tamb\u00e9 hi ha l&#8217;opci\u00f3 de cursar el <strong>Postgrau en Arts Culin\u00e0ries i Direcci\u00f3 de Cuina <\/strong>i el<strong> Postgrau d&#8217;Alta Cuina i Innovaci\u00f3 Culin\u00e0ria<\/strong>, dos cursos semestrals que permeten especialitzar-se en un dels \u00e0mbits del m\u00e0ster.[\/vc_column_text][vc_btn title=&#8221;Consulta tota l&#8217;oferta formativa&#8221; color=&#8221;green&#8221; link=&#8221;url:https%3A%2F%2Fsantpol.edu.es%2Fca%2Foferta-academica%2F&#8221;][\/vc_column][\/vc_row][vc_row][vc_column][vc_gallery type=&#8221;flexslider_slide&#8221; interval=&#8221;5&#8243; images=&#8221;58066,58063,58060,58057,58054,58051,58048&#8243; img_size=&#8221;1920&#215;1080&#8243;][\/vc_column][\/vc_row]<\/p>\n","protected":false},"excerpt":{"rendered":"<p>[vc_row][vc_column][vc_column_text]Aquesta setmana iniciem oficialment el curs acad\u00e8mic 2023\/2024 a l&#8217;Escola Universit\u00e0ria d&#8217;Hoteleria i Turisme de Sant Pol de Mar (EUHT StPOL). Un curs que compta amb<span class=\"excerpt-hellip\"> [\u2026]<\/span><\/p>\n","protected":false},"author":1,"featured_media":59664,"comment_status":"open","ping_status":"open","sticky":false,"template":"","format":"standard","meta":{"footnotes":""},"categories":[6216,4771,5025],"tags":[],"class_list":["post-59651","post","type-post","status-publish","format-standard","has-post-thumbnail","hentry","category-noticias-euht-stpol-ca","category-noticias-home-en-ca","category-noticias-inicio-ca"],"yoast_head":"<!-- This site is optimized with the Yoast SEO plugin v25.8 - https:\/\/yoast.com\/wordpress\/plugins\/seo\/ -->\n<title>Comencem el Curs Acad\u00e8mic 2023-24 - EUHT StPOL<\/title>\n<meta name=\"description\" content=\"Comencem el nou curs 2022\/2023 a l&#039;Escola Universit\u00e0ria d&#039;Hoteleria i Turisme de Sant Pol de Mar (EUHT StPOL).\" \/>\n<meta name=\"robots\" content=\"index, follow, max-snippet:-1, max-image-preview:large, max-video-preview:-1\" \/>\n<link rel=\"canonical\" href=\"https:\/\/www.santpol.edu.es\/ca\/blog\/comencem-el-curs-academic-2023-24\/\" \/>\n<meta property=\"og:locale\" content=\"ca_ES\" \/>\n<meta property=\"og:type\" content=\"article\" \/>\n<meta property=\"og:title\" content=\"Comencem el Curs Acad\u00e8mic 2023-24 - EUHT StPOL\" \/>\n<meta property=\"og:description\" content=\"Comencem el nou curs 2022\/2023 a l&#039;Escola Universit\u00e0ria d&#039;Hoteleria i Turisme de Sant Pol de Mar (EUHT StPOL).\" \/>\n<meta property=\"og:url\" content=\"https:\/\/www.santpol.edu.es\/ca\/blog\/comencem-el-curs-academic-2023-24\/\" \/>\n<meta property=\"og:site_name\" content=\"EUHT StPOL\" \/>\n<meta property=\"article:publisher\" content=\"https:\/\/www.facebook.com\/EUHTStPOL\" \/>\n<meta property=\"article:published_time\" content=\"2023-09-20T07:58:44+00:00\" \/>\n<meta property=\"og:image\" content=\"https:\/\/www.santpol.edu.es\/wp-content\/uploads\/2023\/09\/DSC04662-1024x576.jpg\" \/>\n\t<meta property=\"og:image:width\" content=\"1024\" \/>\n\t<meta property=\"og:image:height\" content=\"576\" \/>\n\t<meta property=\"og:image:type\" content=\"image\/jpeg\" \/>\n<meta name=\"author\" content=\"administrador\" \/>\n<meta name=\"twitter:card\" content=\"summary_large_image\" \/>\n<meta name=\"twitter:creator\" content=\"@euhtstpol\" \/>\n<meta name=\"twitter:site\" content=\"@euhtstpol\" \/>\n<meta name=\"twitter:label1\" content=\"Escrit per\" \/>\n\t<meta name=\"twitter:data1\" content=\"administrador\" \/>\n\t<meta name=\"twitter:label2\" content=\"Temps estimat de lectura\" \/>\n\t<meta name=\"twitter:data2\" content=\"2 minuts\" \/>\n<script type=\"application\/ld+json\" class=\"yoast-schema-graph\">{\"@context\":\"https:\/\/schema.org\",\"@graph\":[{\"@type\":\"Article\",\"@id\":\"https:\/\/www.santpol.edu.es\/ca\/blog\/comencem-el-curs-academic-2023-24\/#article\",\"isPartOf\":{\"@id\":\"https:\/\/www.santpol.edu.es\/ca\/blog\/comencem-el-curs-academic-2023-24\/\"},\"author\":{\"name\":\"administrador\",\"@id\":\"https:\/\/www.santpol.edu.es\/#\/schema\/person\/8d0caa258341c2a053f784650ff61a84\"},\"headline\":\"Comencem el Curs Acad\u00e8mic 2023-24\",\"datePublished\":\"2023-09-20T07:58:44+00:00\",\"mainEntityOfPage\":{\"@id\":\"https:\/\/www.santpol.edu.es\/ca\/blog\/comencem-el-curs-academic-2023-24\/\"},\"wordCount\":493,\"commentCount\":0,\"publisher\":{\"@id\":\"https:\/\/www.santpol.edu.es\/#organization\"},\"image\":{\"@id\":\"https:\/\/www.santpol.edu.es\/ca\/blog\/comencem-el-curs-academic-2023-24\/#primaryimage\"},\"thumbnailUrl\":\"https:\/\/www.santpol.edu.es\/wp-content\/uploads\/2023\/09\/DSC04662.jpg\",\"articleSection\":[\"noticias EUHT StPOL\",\"noticias home\",\"Noticias Inicio\"],\"inLanguage\":\"ca\",\"potentialAction\":[{\"@type\":\"CommentAction\",\"name\":\"Comment\",\"target\":[\"https:\/\/www.santpol.edu.es\/ca\/blog\/comencem-el-curs-academic-2023-24\/#respond\"]}]},{\"@type\":\"WebPage\",\"@id\":\"https:\/\/www.santpol.edu.es\/ca\/blog\/comencem-el-curs-academic-2023-24\/\",\"url\":\"https:\/\/www.santpol.edu.es\/ca\/blog\/comencem-el-curs-academic-2023-24\/\",\"name\":\"Comencem el Curs Acad\u00e8mic 2023-24 - EUHT StPOL\",\"isPartOf\":{\"@id\":\"https:\/\/www.santpol.edu.es\/#website\"},\"primaryImageOfPage\":{\"@id\":\"https:\/\/www.santpol.edu.es\/ca\/blog\/comencem-el-curs-academic-2023-24\/#primaryimage\"},\"image\":{\"@id\":\"https:\/\/www.santpol.edu.es\/ca\/blog\/comencem-el-curs-academic-2023-24\/#primaryimage\"},\"thumbnailUrl\":\"https:\/\/www.santpol.edu.es\/wp-content\/uploads\/2023\/09\/DSC04662.jpg\",\"datePublished\":\"2023-09-20T07:58:44+00:00\",\"description\":\"Comencem el nou curs 2022\/2023 a l'Escola Universit\u00e0ria d'Hoteleria i Turisme de Sant Pol de Mar (EUHT StPOL).\",\"inLanguage\":\"ca\",\"potentialAction\":[{\"@type\":\"ReadAction\",\"target\":[\"https:\/\/www.santpol.edu.es\/ca\/blog\/comencem-el-curs-academic-2023-24\/\"]}]},{\"@type\":\"ImageObject\",\"inLanguage\":\"ca\",\"@id\":\"https:\/\/www.santpol.edu.es\/ca\/blog\/comencem-el-curs-academic-2023-24\/#primaryimage\",\"url\":\"https:\/\/www.santpol.edu.es\/wp-content\/uploads\/2023\/09\/DSC04662.jpg\",\"contentUrl\":\"https:\/\/www.santpol.edu.es\/wp-content\/uploads\/2023\/09\/DSC04662.jpg\",\"width\":6000,\"height\":3376},{\"@type\":\"WebSite\",\"@id\":\"https:\/\/www.santpol.edu.es\/#website\",\"url\":\"https:\/\/www.santpol.edu.es\/\",\"name\":\"EUHT StPOL\",\"description\":\"Escuela Universitaria de Hoteler\u00eda y Turismo\",\"publisher\":{\"@id\":\"https:\/\/www.santpol.edu.es\/#organization\"},\"potentialAction\":[{\"@type\":\"SearchAction\",\"target\":{\"@type\":\"EntryPoint\",\"urlTemplate\":\"https:\/\/www.santpol.edu.es\/?s={search_term_string}\"},\"query-input\":{\"@type\":\"PropertyValueSpecification\",\"valueRequired\":true,\"valueName\":\"search_term_string\"}}],\"inLanguage\":\"ca\"},{\"@type\":\"Organization\",\"@id\":\"https:\/\/www.santpol.edu.es\/#organization\",\"name\":\"EUHT StPOL\",\"url\":\"https:\/\/www.santpol.edu.es\/\",\"logo\":{\"@type\":\"ImageObject\",\"inLanguage\":\"ca\",\"@id\":\"https:\/\/www.santpol.edu.es\/#\/schema\/logo\/image\/\",\"url\":\"https:\/\/santpol.edu.es\/wp-content\/uploads\/2019\/09\/logoweb-santpol.jpg\",\"contentUrl\":\"https:\/\/santpol.edu.es\/wp-content\/uploads\/2019\/09\/logoweb-santpol.jpg\",\"width\":324,\"height\":81,\"caption\":\"EUHT StPOL\"},\"image\":{\"@id\":\"https:\/\/www.santpol.edu.es\/#\/schema\/logo\/image\/\"},\"sameAs\":[\"https:\/\/www.facebook.com\/EUHTStPOL\",\"https:\/\/x.com\/euhtstpol\",\"https:\/\/www.instagram.com\/euhtstpol\/\",\"https:\/\/www.linkedin.com\/school\/euhtstpol-barcelona\/mycompany\/\",\"https:\/\/es.pinterest.com\/euhtstpol\/\",\"https:\/\/www.youtube.com\/user\/EUHTStPOL1\"]},{\"@type\":\"Person\",\"@id\":\"https:\/\/www.santpol.edu.es\/#\/schema\/person\/8d0caa258341c2a053f784650ff61a84\",\"name\":\"administrador\",\"image\":{\"@type\":\"ImageObject\",\"inLanguage\":\"ca\",\"@id\":\"https:\/\/www.santpol.edu.es\/#\/schema\/person\/image\/\",\"url\":\"https:\/\/www.santpol.edu.es\/wp-content\/litespeed\/avatar\/3e48ceb013e3dcc49deda32e2b823a70.jpg?ver=1777377023\",\"contentUrl\":\"https:\/\/www.santpol.edu.es\/wp-content\/litespeed\/avatar\/3e48ceb013e3dcc49deda32e2b823a70.jpg?ver=1777377023\",\"caption\":\"administrador\"}}]}<\/script>\n<!-- \/ Yoast SEO plugin. -->","yoast_head_json":{"title":"Comencem el Curs Acad\u00e8mic 2023-24 - EUHT StPOL","description":"Comencem el nou curs 2022\/2023 a l'Escola Universit\u00e0ria d'Hoteleria i Turisme de Sant Pol de Mar (EUHT StPOL).","robots":{"index":"index","follow":"follow","max-snippet":"max-snippet:-1","max-image-preview":"max-image-preview:large","max-video-preview":"max-video-preview:-1"},"canonical":"https:\/\/www.santpol.edu.es\/ca\/blog\/comencem-el-curs-academic-2023-24\/","og_locale":"ca_ES","og_type":"article","og_title":"Comencem el Curs Acad\u00e8mic 2023-24 - EUHT StPOL","og_description":"Comencem el nou curs 2022\/2023 a l'Escola Universit\u00e0ria d'Hoteleria i Turisme de Sant Pol de Mar (EUHT StPOL).","og_url":"https:\/\/www.santpol.edu.es\/ca\/blog\/comencem-el-curs-academic-2023-24\/","og_site_name":"EUHT StPOL","article_publisher":"https:\/\/www.facebook.com\/EUHTStPOL","article_published_time":"2023-09-20T07:58:44+00:00","og_image":[{"width":1024,"height":576,"url":"https:\/\/www.santpol.edu.es\/wp-content\/uploads\/2023\/09\/DSC04662-1024x576.jpg","type":"image\/jpeg"}],"author":"administrador","twitter_card":"summary_large_image","twitter_creator":"@euhtstpol","twitter_site":"@euhtstpol","twitter_misc":{"Escrit per":"administrador","Temps estimat de lectura":"2 minuts"},"schema":{"@context":"https:\/\/schema.org","@graph":[{"@type":"Article","@id":"https:\/\/www.santpol.edu.es\/ca\/blog\/comencem-el-curs-academic-2023-24\/#article","isPartOf":{"@id":"https:\/\/www.santpol.edu.es\/ca\/blog\/comencem-el-curs-academic-2023-24\/"},"author":{"name":"administrador","@id":"https:\/\/www.santpol.edu.es\/#\/schema\/person\/8d0caa258341c2a053f784650ff61a84"},"headline":"Comencem el Curs Acad\u00e8mic 2023-24","datePublished":"2023-09-20T07:58:44+00:00","mainEntityOfPage":{"@id":"https:\/\/www.santpol.edu.es\/ca\/blog\/comencem-el-curs-academic-2023-24\/"},"wordCount":493,"commentCount":0,"publisher":{"@id":"https:\/\/www.santpol.edu.es\/#organization"},"image":{"@id":"https:\/\/www.santpol.edu.es\/ca\/blog\/comencem-el-curs-academic-2023-24\/#primaryimage"},"thumbnailUrl":"https:\/\/www.santpol.edu.es\/wp-content\/uploads\/2023\/09\/DSC04662.jpg","articleSection":["noticias EUHT StPOL","noticias home","Noticias Inicio"],"inLanguage":"ca","potentialAction":[{"@type":"CommentAction","name":"Comment","target":["https:\/\/www.santpol.edu.es\/ca\/blog\/comencem-el-curs-academic-2023-24\/#respond"]}]},{"@type":"WebPage","@id":"https:\/\/www.santpol.edu.es\/ca\/blog\/comencem-el-curs-academic-2023-24\/","url":"https:\/\/www.santpol.edu.es\/ca\/blog\/comencem-el-curs-academic-2023-24\/","name":"Comencem el Curs Acad\u00e8mic 2023-24 - EUHT StPOL","isPartOf":{"@id":"https:\/\/www.santpol.edu.es\/#website"},"primaryImageOfPage":{"@id":"https:\/\/www.santpol.edu.es\/ca\/blog\/comencem-el-curs-academic-2023-24\/#primaryimage"},"image":{"@id":"https:\/\/www.santpol.edu.es\/ca\/blog\/comencem-el-curs-academic-2023-24\/#primaryimage"},"thumbnailUrl":"https:\/\/www.santpol.edu.es\/wp-content\/uploads\/2023\/09\/DSC04662.jpg","datePublished":"2023-09-20T07:58:44+00:00","description":"Comencem el nou curs 2022\/2023 a l'Escola Universit\u00e0ria d'Hoteleria i Turisme de Sant Pol de Mar (EUHT StPOL).","inLanguage":"ca","potentialAction":[{"@type":"ReadAction","target":["https:\/\/www.santpol.edu.es\/ca\/blog\/comencem-el-curs-academic-2023-24\/"]}]},{"@type":"ImageObject","inLanguage":"ca","@id":"https:\/\/www.santpol.edu.es\/ca\/blog\/comencem-el-curs-academic-2023-24\/#primaryimage","url":"https:\/\/www.santpol.edu.es\/wp-content\/uploads\/2023\/09\/DSC04662.jpg","contentUrl":"https:\/\/www.santpol.edu.es\/wp-content\/uploads\/2023\/09\/DSC04662.jpg","width":6000,"height":3376},{"@type":"WebSite","@id":"https:\/\/www.santpol.edu.es\/#website","url":"https:\/\/www.santpol.edu.es\/","name":"EUHT StPOL","description":"Escuela Universitaria de Hoteler\u00eda y Turismo","publisher":{"@id":"https:\/\/www.santpol.edu.es\/#organization"},"potentialAction":[{"@type":"SearchAction","target":{"@type":"EntryPoint","urlTemplate":"https:\/\/www.santpol.edu.es\/?s={search_term_string}"},"query-input":{"@type":"PropertyValueSpecification","valueRequired":true,"valueName":"search_term_string"}}],"inLanguage":"ca"},{"@type":"Organization","@id":"https:\/\/www.santpol.edu.es\/#organization","name":"EUHT StPOL","url":"https:\/\/www.santpol.edu.es\/","logo":{"@type":"ImageObject","inLanguage":"ca","@id":"https:\/\/www.santpol.edu.es\/#\/schema\/logo\/image\/","url":"https:\/\/santpol.edu.es\/wp-content\/uploads\/2019\/09\/logoweb-santpol.jpg","contentUrl":"https:\/\/santpol.edu.es\/wp-content\/uploads\/2019\/09\/logoweb-santpol.jpg","width":324,"height":81,"caption":"EUHT StPOL"},"image":{"@id":"https:\/\/www.santpol.edu.es\/#\/schema\/logo\/image\/"},"sameAs":["https:\/\/www.facebook.com\/EUHTStPOL","https:\/\/x.com\/euhtstpol","https:\/\/www.instagram.com\/euhtstpol\/","https:\/\/www.linkedin.com\/school\/euhtstpol-barcelona\/mycompany\/","https:\/\/es.pinterest.com\/euhtstpol\/","https:\/\/www.youtube.com\/user\/EUHTStPOL1"]},{"@type":"Person","@id":"https:\/\/www.santpol.edu.es\/#\/schema\/person\/8d0caa258341c2a053f784650ff61a84","name":"administrador","image":{"@type":"ImageObject","inLanguage":"ca","@id":"https:\/\/www.santpol.edu.es\/#\/schema\/person\/image\/","url":"https:\/\/www.santpol.edu.es\/wp-content\/litespeed\/avatar\/3e48ceb013e3dcc49deda32e2b823a70.jpg?ver=1777377023","contentUrl":"https:\/\/www.santpol.edu.es\/wp-content\/litespeed\/avatar\/3e48ceb013e3dcc49deda32e2b823a70.jpg?ver=1777377023","caption":"administrador"}}]}},"_links":{"self":[{"href":"https:\/\/www.santpol.edu.es\/ca\/wp-json\/wp\/v2\/posts\/59651","targetHints":{"allow":["GET"]}}],"collection":[{"href":"https:\/\/www.santpol.edu.es\/ca\/wp-json\/wp\/v2\/posts"}],"about":[{"href":"https:\/\/www.santpol.edu.es\/ca\/wp-json\/wp\/v2\/types\/post"}],"author":[{"embeddable":true,"href":"https:\/\/www.santpol.edu.es\/ca\/wp-json\/wp\/v2\/users\/1"}],"replies":[{"embeddable":true,"href":"https:\/\/www.santpol.edu.es\/ca\/wp-json\/wp\/v2\/comments?post=59651"}],"version-history":[{"count":3,"href":"https:\/\/www.santpol.edu.es\/ca\/wp-json\/wp\/v2\/posts\/59651\/revisions"}],"predecessor-version":[{"id":59661,"href":"https:\/\/www.santpol.edu.es\/ca\/wp-json\/wp\/v2\/posts\/59651\/revisions\/59661"}],"wp:featuredmedia":[{"embeddable":true,"href":"https:\/\/www.santpol.edu.es\/ca\/wp-json\/wp\/v2\/media\/59664"}],"wp:attachment":[{"href":"https:\/\/www.santpol.edu.es\/ca\/wp-json\/wp\/v2\/media?parent=59651"}],"wp:term":[{"taxonomy":"category","embeddable":true,"href":"https:\/\/www.santpol.edu.es\/ca\/wp-json\/wp\/v2\/categories?post=59651"},{"taxonomy":"post_tag","embeddable":true,"href":"https:\/\/www.santpol.edu.es\/ca\/wp-json\/wp\/v2\/tags?post=59651"}],"curies":[{"name":"wp","href":"https:\/\/api.w.org\/{rel}","templated":true}]}}