{"id":58973,"date":"2023-05-16T13:30:08","date_gmt":"2023-05-16T11:30:08","guid":{"rendered":"https:\/\/www.santpol.edu.es\/?p=58973"},"modified":"2023-05-16T13:30:10","modified_gmt":"2023-05-16T11:30:10","slug":"osvaldo-sejas-wins-the-catalan-young-chef-award-with-his-tribut-als-pesols-ofegats","status":"publish","type":"post","link":"https:\/\/www.santpol.edu.es\/en\/blog\/osvaldo-sejas-wins-catalan-young-chef-award-2023\/","title":{"rendered":"Osvaldo Sejas wins the Catalan Young Chef Award with his &#8220;Tribut als P\u00e8sols Ofegats&#8221;"},"content":{"rendered":"<p>[vc_row][vc_column][vc_column_text]<\/p>\n<ul>\n<li><strong> As the winner of the contest, he will be the representative of Catalonia at the European Young Chef Award, to be held in France in November.<\/strong><\/li>\n<li><strong> Paolo Casagrande, head chef of the Lasarte restaurant in Barcelona with three Michelin stars, chaired the jury for the competition held at the EUHT StPOL facilities.<\/strong><\/li>\n<\/ul>\n<p>[\/vc_column_text][vc_column_text]Sant Pol School of Hospitality &amp; Culinary Management (EUHT StPOL) has hosted today the 35th edition of the Catalan Young Chef Award, one of the most experienced cooking competitions in our country.<\/p>\n<p>Five finalists from five catering and gastronomy schools in Catalonia have prepared a dish that featured langoustine and scallop as the star ingredients. And later, they defended him before the jury chaired by chef Paolo Casagrande, head chef and executive chef of the Lasarte restaurant, which has three Michelin stars and three Repsol Suns.<\/p>\n<p>The jury also included Mrs. Gemma Moliner, from the Prodeca Gastronomy Area (Catalan Food Promoter. Department of Climate Action, Food and Rural Agenda of the Generalitat of Catalonia); Diane Dodd, director of IGCAT (Institute of Gastronomy, Culture, Arts and Tourism); Ramon Serra, President of the Board of Directors of the EUHT StPOL; Josep Vilella, gourmet and member of &#8216;5 a mesa&#8217; from La Vanguardia; Jaume Cot, on behalf of the professional gastronomy publisher Vilbo; and Nathalie Bell, representing Seafood from Scotland, sponsor of the event.<\/p>\n<p>The jury has valued aspects such as technique and skill, the creativity and originality of the proposal, the flavors, the presentation and the history and story of the dish, among others.[\/vc_column_text][vc_gallery interval=&#8221;3&#8243; images=&#8221;58998,58995,58992,58989,58986&#8243; img_size=&#8221;large&#8221; onclick=&#8221;&#8221;][vc_column_text]<\/p>\n<h5><strong>&#8216;Tribut als P\u00e9sols Ofegats&#8217;, the dish with the highest score<\/strong><\/h5>\n<p>The awards have been distributed in 4 categories. After deliberation by the jury, &#8220;Tribute to the drowned peas&#8221;, presented by Osvaldo Sejas, a student at the ESH Vedruna de Gr\u00e0cia, was the dish with the highest overall score and as such, received the Absolute Prize in the Youth Cooking Contest of Catalonia, awarded by the EUHT StPOL and presented by the president of the jury, chef Paolo Casagrande.[\/vc_column_text][vc_column_text]As the winner of the Contest, Osvaldo Sejas will represent Catalonia in the <a href=\"https:\/\/www.europeanyoungchefaward.org\/\"><strong>European Young Chef Award (EYCA)<\/strong><\/a> that will take place next November in France. The European Young Chef Award brings together the winners of regional competitions from across Europe and aims to promote innovations in traditional cooking, highlight sustainable food cultures and create future chef ambassadors for regions and local food products.<\/p>\n<p>The participation of the representative of Catalonia in the European Young Chef Award (EYCA) is promoted by PRODECA and the Catalan Tourism Agency, as members of the platform of the <a href=\"https:\/\/www.europeanregionofgastronomy.org\/\">European Regions of Gastronomy<\/a>\u00a0(European Regions of Gastronomy).<\/p>\n<p>In addition, the winner of the contest has also taken a trip to Scotland to learn first-hand about fishing techniques and processes thanks to Seafood from Scotland, sponsor of this year&#8217;s event that has supplied the raw material.[\/vc_column_text][vc_column_text]The Catalan Young Chef Award is part of the University Gastronomy Day, which this year has celebrated its 42nd edition. The day was completed with a <strong>masterclass by chef Paolo Casagrande<\/strong>, in the EUHT StPOL kitchen amphitheater.[\/vc_column_text][vc_btn title=&#8221;Photo album&#8221; color=&#8221;danger&#8221; align=&#8221;center&#8221; link=&#8221;url:https%3A%2F%2Fwww.flickr.com%2Fphotos%2Feuhtstpol%2F52827380699%2F&#8221;][\/vc_column][\/vc_row]<\/p>\n","protected":false},"excerpt":{"rendered":"<p>[vc_row][vc_column][vc_column_text] As the winner of the contest, he will be the representative of Catalonia at the European Young Chef Award, to be held in France in<span class=\"excerpt-hellip\"> [\u2026]<\/span><\/p>\n","protected":false},"author":1,"featured_media":58977,"comment_status":"closed","ping_status":"closed","sticky":false,"template":"","format":"standard","meta":{"footnotes":""},"categories":[2434,4725,7375,4726,5112,4727,7475,9886,6994,6664,9750,11],"tags":[9887,9461,9888,1961,9835,4039,9763,5459],"class_list":["post-58973","post","type-post","status-publish","format-standard","has-post-thumbnail","hentry","category-notices","category-noticias-en","category-noticias-euht-stpol-en","category-noticias-home-en","category-noticias-inicio-en","category-noticias-sector-en","category-noticiasnoticias-euht-stpol-en","category-noticies-en","category-noticies-euht-stpol-en","category-noticies-home-en","category-noticies-inici-en","category-uncategorized","tag-concurs-cuina-jove-de-catalunya-2-en","tag-cuina-en","tag-cuiner-jove-2-en","tag-euht-stpol-en","tag-european-young-chef-award-2-en","tag-eyca","tag-fina-puigdevall-en","tag-gastronomia-en"],"yoast_head":"<!-- This site is optimized with the Yoast SEO plugin v25.8 - https:\/\/yoast.com\/wordpress\/plugins\/seo\/ -->\n<title>Osvaldo Sejas wins the Catalan Young Chef Award with his &quot;Tribut als P\u00e8sols Ofegats&quot; - St. POL Hospitality &amp; Culinary Business School - Barcelona<\/title>\n<meta name=\"description\" content=\"As the winner of the Catalan Young Chef Award, he will be the representative of Catalonia in the European Young Chef Award.\" \/>\n<meta name=\"robots\" content=\"index, follow, max-snippet:-1, max-image-preview:large, max-video-preview:-1\" \/>\n<link rel=\"canonical\" href=\"https:\/\/www.santpol.edu.es\/en\/blog\/osvaldo-sejas-wins-catalan-young-chef-award-2023\/\" \/>\n<meta property=\"og:locale\" content=\"en_US\" \/>\n<meta property=\"og:type\" content=\"article\" \/>\n<meta property=\"og:title\" content=\"Osvaldo Sejas wins the Catalan Young Chef Award with his &quot;Tribut als P\u00e8sols Ofegats&quot; - St. POL Hospitality &amp; Culinary Business School - Barcelona\" \/>\n<meta property=\"og:description\" content=\"As the winner of the Catalan Young Chef Award, he will be the representative of Catalonia in the European Young Chef Award.\" \/>\n<meta property=\"og:url\" content=\"https:\/\/www.santpol.edu.es\/en\/blog\/osvaldo-sejas-wins-catalan-young-chef-award-2023\/\" \/>\n<meta property=\"og:site_name\" content=\"St. POL Hospitality &amp; Culinary Business School - Barcelona\" \/>\n<meta property=\"article:publisher\" content=\"https:\/\/www.facebook.com\/EUHTStPOL\" \/>\n<meta property=\"article:published_time\" content=\"2023-05-16T11:30:08+00:00\" \/>\n<meta property=\"article:modified_time\" content=\"2023-05-16T11:30:10+00:00\" \/>\n<meta property=\"og:image\" content=\"https:\/\/santpol.edu.es\/wp-content\/uploads\/2022\/04\/Diseno-sin-titulo-27-1024x576.png\" \/>\n<meta name=\"author\" content=\"administrador\" \/>\n<meta name=\"twitter:card\" content=\"summary_large_image\" \/>\n<meta name=\"twitter:image\" content=\"https:\/\/santpol.edu.es\/wp-content\/uploads\/2022\/04\/Diseno-sin-titulo-27-150x150.png\" \/>\n<meta name=\"twitter:creator\" content=\"@euhtstpol\" \/>\n<meta name=\"twitter:site\" content=\"@euhtstpol\" \/>\n<meta name=\"twitter:label1\" content=\"Written by\" \/>\n\t<meta name=\"twitter:data1\" content=\"administrador\" \/>\n\t<meta name=\"twitter:label2\" content=\"Est. reading time\" \/>\n\t<meta name=\"twitter:data2\" content=\"3 minutes\" \/>\n<script type=\"application\/ld+json\" class=\"yoast-schema-graph\">{\"@context\":\"https:\/\/schema.org\",\"@graph\":[{\"@type\":\"Article\",\"@id\":\"https:\/\/www.santpol.edu.es\/en\/blog\/osvaldo-sejas-wins-catalan-young-chef-award-2023\/#article\",\"isPartOf\":{\"@id\":\"https:\/\/www.santpol.edu.es\/en\/blog\/osvaldo-sejas-wins-catalan-young-chef-award-2023\/\"},\"author\":{\"name\":\"administrador\",\"@id\":\"https:\/\/www.santpol.edu.es\/#\/schema\/person\/8d0caa258341c2a053f784650ff61a84\"},\"headline\":\"Osvaldo Sejas wins the Catalan Young Chef Award with his &#8220;Tribut als P\u00e8sols Ofegats&#8221;\",\"datePublished\":\"2023-05-16T11:30:08+00:00\",\"dateModified\":\"2023-05-16T11:30:10+00:00\",\"mainEntityOfPage\":{\"@id\":\"https:\/\/www.santpol.edu.es\/en\/blog\/osvaldo-sejas-wins-catalan-young-chef-award-2023\/\"},\"wordCount\":592,\"publisher\":{\"@id\":\"https:\/\/www.santpol.edu.es\/#organization\"},\"image\":{\"@id\":\"https:\/\/www.santpol.edu.es\/en\/blog\/osvaldo-sejas-wins-catalan-young-chef-award-2023\/#primaryimage\"},\"thumbnailUrl\":\"https:\/\/www.santpol.edu.es\/wp-content\/uploads\/2023\/04\/DSC03198.jpg\",\"keywords\":[\"Concurs Cuina Jove de Catalunya\",\"cuina\",\"cuiner jove\",\"EUHT StPOL\",\"European Young Chef Award\",\"EYCA\",\"Fina Puigdevall\",\"gastronom\u00eda\"],\"articleSection\":[\"Notices\",\"Noticias\",\"noticias EUHT StPOL\",\"noticias home\",\"Noticias Inicio\",\"Noticias Sector\",\"Noticias|Noticias EUHT StPOL\",\"Not\u00edcies\",\"not\u00edcies EUHT StPOL\",\"not\u00edcies home\",\"Not\u00edcies Inici\"],\"inLanguage\":\"en-US\"},{\"@type\":\"WebPage\",\"@id\":\"https:\/\/www.santpol.edu.es\/en\/blog\/osvaldo-sejas-wins-catalan-young-chef-award-2023\/\",\"url\":\"https:\/\/www.santpol.edu.es\/en\/blog\/osvaldo-sejas-wins-catalan-young-chef-award-2023\/\",\"name\":\"Osvaldo Sejas wins the Catalan Young Chef Award with his \\\"Tribut als P\u00e8sols Ofegats\\\" - St. POL Hospitality &amp; Culinary Business School - Barcelona\",\"isPartOf\":{\"@id\":\"https:\/\/www.santpol.edu.es\/#website\"},\"primaryImageOfPage\":{\"@id\":\"https:\/\/www.santpol.edu.es\/en\/blog\/osvaldo-sejas-wins-catalan-young-chef-award-2023\/#primaryimage\"},\"image\":{\"@id\":\"https:\/\/www.santpol.edu.es\/en\/blog\/osvaldo-sejas-wins-catalan-young-chef-award-2023\/#primaryimage\"},\"thumbnailUrl\":\"https:\/\/www.santpol.edu.es\/wp-content\/uploads\/2023\/04\/DSC03198.jpg\",\"datePublished\":\"2023-05-16T11:30:08+00:00\",\"dateModified\":\"2023-05-16T11:30:10+00:00\",\"description\":\"As the winner of the Catalan Young Chef Award, he will be the representative of Catalonia in the European Young Chef Award.\",\"inLanguage\":\"en-US\",\"potentialAction\":[{\"@type\":\"ReadAction\",\"target\":[\"https:\/\/www.santpol.edu.es\/en\/blog\/osvaldo-sejas-wins-catalan-young-chef-award-2023\/\"]}]},{\"@type\":\"ImageObject\",\"inLanguage\":\"en-US\",\"@id\":\"https:\/\/www.santpol.edu.es\/en\/blog\/osvaldo-sejas-wins-catalan-young-chef-award-2023\/#primaryimage\",\"url\":\"https:\/\/www.santpol.edu.es\/wp-content\/uploads\/2023\/04\/DSC03198.jpg\",\"contentUrl\":\"https:\/\/www.santpol.edu.es\/wp-content\/uploads\/2023\/04\/DSC03198.jpg\",\"width\":6000,\"height\":3376},{\"@type\":\"WebSite\",\"@id\":\"https:\/\/www.santpol.edu.es\/#website\",\"url\":\"https:\/\/www.santpol.edu.es\/\",\"name\":\"St. POL Hospitality &amp; Culinary Business School - Barcelona\",\"description\":\"St. POL Hospitality &amp; Culinary Business School - Barcelona\",\"publisher\":{\"@id\":\"https:\/\/www.santpol.edu.es\/#organization\"},\"potentialAction\":[{\"@type\":\"SearchAction\",\"target\":{\"@type\":\"EntryPoint\",\"urlTemplate\":\"https:\/\/www.santpol.edu.es\/?s={search_term_string}\"},\"query-input\":{\"@type\":\"PropertyValueSpecification\",\"valueRequired\":true,\"valueName\":\"search_term_string\"}}],\"inLanguage\":\"en-US\"},{\"@type\":\"Organization\",\"@id\":\"https:\/\/www.santpol.edu.es\/#organization\",\"name\":\"St. POL Hospitality &amp; Culinary Business School - Barcelona\",\"url\":\"https:\/\/www.santpol.edu.es\/\",\"logo\":{\"@type\":\"ImageObject\",\"inLanguage\":\"en-US\",\"@id\":\"https:\/\/www.santpol.edu.es\/#\/schema\/logo\/image\/\",\"url\":\"https:\/\/santpol.edu.es\/wp-content\/uploads\/2019\/09\/logoweb-santpol.jpg\",\"contentUrl\":\"https:\/\/santpol.edu.es\/wp-content\/uploads\/2019\/09\/logoweb-santpol.jpg\",\"width\":324,\"height\":81,\"caption\":\"St. POL Hospitality &amp; Culinary Business School - Barcelona\"},\"image\":{\"@id\":\"https:\/\/www.santpol.edu.es\/#\/schema\/logo\/image\/\"},\"sameAs\":[\"https:\/\/www.facebook.com\/EUHTStPOL\",\"https:\/\/x.com\/euhtstpol\",\"https:\/\/www.instagram.com\/euhtstpol\/\",\"https:\/\/www.linkedin.com\/school\/euhtstpol-barcelona\/mycompany\/\",\"https:\/\/es.pinterest.com\/euhtstpol\/\",\"https:\/\/www.youtube.com\/user\/EUHTStPOL1\"]},{\"@type\":\"Person\",\"@id\":\"https:\/\/www.santpol.edu.es\/#\/schema\/person\/8d0caa258341c2a053f784650ff61a84\",\"name\":\"administrador\",\"image\":{\"@type\":\"ImageObject\",\"inLanguage\":\"en-US\",\"@id\":\"https:\/\/www.santpol.edu.es\/#\/schema\/person\/image\/\",\"url\":\"https:\/\/www.santpol.edu.es\/wp-content\/litespeed\/avatar\/3e48ceb013e3dcc49deda32e2b823a70.jpg?ver=1777377023\",\"contentUrl\":\"https:\/\/www.santpol.edu.es\/wp-content\/litespeed\/avatar\/3e48ceb013e3dcc49deda32e2b823a70.jpg?ver=1777377023\",\"caption\":\"administrador\"}}]}<\/script>\n<!-- \/ Yoast SEO plugin. -->","yoast_head_json":{"title":"Osvaldo Sejas wins the Catalan Young Chef Award with his \"Tribut als P\u00e8sols Ofegats\" - St. POL Hospitality &amp; Culinary Business School - Barcelona","description":"As the winner of the Catalan Young Chef Award, he will be the representative of Catalonia in the European Young Chef Award.","robots":{"index":"index","follow":"follow","max-snippet":"max-snippet:-1","max-image-preview":"max-image-preview:large","max-video-preview":"max-video-preview:-1"},"canonical":"https:\/\/www.santpol.edu.es\/en\/blog\/osvaldo-sejas-wins-catalan-young-chef-award-2023\/","og_locale":"en_US","og_type":"article","og_title":"Osvaldo Sejas wins the Catalan Young Chef Award with his \"Tribut als P\u00e8sols Ofegats\" - St. POL Hospitality &amp; Culinary Business School - Barcelona","og_description":"As the winner of the Catalan Young Chef Award, he will be the representative of Catalonia in the European Young Chef Award.","og_url":"https:\/\/www.santpol.edu.es\/en\/blog\/osvaldo-sejas-wins-catalan-young-chef-award-2023\/","og_site_name":"St. POL Hospitality &amp; Culinary Business School - Barcelona","article_publisher":"https:\/\/www.facebook.com\/EUHTStPOL","article_published_time":"2023-05-16T11:30:08+00:00","article_modified_time":"2023-05-16T11:30:10+00:00","og_image":[{"url":"https:\/\/santpol.edu.es\/wp-content\/uploads\/2022\/04\/Diseno-sin-titulo-27-1024x576.png","type":"","width":"","height":""}],"author":"administrador","twitter_card":"summary_large_image","twitter_image":"https:\/\/santpol.edu.es\/wp-content\/uploads\/2022\/04\/Diseno-sin-titulo-27-150x150.png","twitter_creator":"@euhtstpol","twitter_site":"@euhtstpol","twitter_misc":{"Written by":"administrador","Est. reading time":"3 minutes"},"schema":{"@context":"https:\/\/schema.org","@graph":[{"@type":"Article","@id":"https:\/\/www.santpol.edu.es\/en\/blog\/osvaldo-sejas-wins-catalan-young-chef-award-2023\/#article","isPartOf":{"@id":"https:\/\/www.santpol.edu.es\/en\/blog\/osvaldo-sejas-wins-catalan-young-chef-award-2023\/"},"author":{"name":"administrador","@id":"https:\/\/www.santpol.edu.es\/#\/schema\/person\/8d0caa258341c2a053f784650ff61a84"},"headline":"Osvaldo Sejas wins the Catalan Young Chef Award with his &#8220;Tribut als P\u00e8sols Ofegats&#8221;","datePublished":"2023-05-16T11:30:08+00:00","dateModified":"2023-05-16T11:30:10+00:00","mainEntityOfPage":{"@id":"https:\/\/www.santpol.edu.es\/en\/blog\/osvaldo-sejas-wins-catalan-young-chef-award-2023\/"},"wordCount":592,"publisher":{"@id":"https:\/\/www.santpol.edu.es\/#organization"},"image":{"@id":"https:\/\/www.santpol.edu.es\/en\/blog\/osvaldo-sejas-wins-catalan-young-chef-award-2023\/#primaryimage"},"thumbnailUrl":"https:\/\/www.santpol.edu.es\/wp-content\/uploads\/2023\/04\/DSC03198.jpg","keywords":["Concurs Cuina Jove de Catalunya","cuina","cuiner jove","EUHT StPOL","European Young Chef Award","EYCA","Fina Puigdevall","gastronom\u00eda"],"articleSection":["Notices","Noticias","noticias EUHT StPOL","noticias home","Noticias Inicio","Noticias Sector","Noticias|Noticias EUHT StPOL","Not\u00edcies","not\u00edcies EUHT StPOL","not\u00edcies home","Not\u00edcies Inici"],"inLanguage":"en-US"},{"@type":"WebPage","@id":"https:\/\/www.santpol.edu.es\/en\/blog\/osvaldo-sejas-wins-catalan-young-chef-award-2023\/","url":"https:\/\/www.santpol.edu.es\/en\/blog\/osvaldo-sejas-wins-catalan-young-chef-award-2023\/","name":"Osvaldo Sejas wins the Catalan Young Chef Award with his \"Tribut als P\u00e8sols Ofegats\" - St. POL Hospitality &amp; Culinary Business School - Barcelona","isPartOf":{"@id":"https:\/\/www.santpol.edu.es\/#website"},"primaryImageOfPage":{"@id":"https:\/\/www.santpol.edu.es\/en\/blog\/osvaldo-sejas-wins-catalan-young-chef-award-2023\/#primaryimage"},"image":{"@id":"https:\/\/www.santpol.edu.es\/en\/blog\/osvaldo-sejas-wins-catalan-young-chef-award-2023\/#primaryimage"},"thumbnailUrl":"https:\/\/www.santpol.edu.es\/wp-content\/uploads\/2023\/04\/DSC03198.jpg","datePublished":"2023-05-16T11:30:08+00:00","dateModified":"2023-05-16T11:30:10+00:00","description":"As the winner of the Catalan Young Chef Award, he will be the representative of Catalonia in the European Young Chef Award.","inLanguage":"en-US","potentialAction":[{"@type":"ReadAction","target":["https:\/\/www.santpol.edu.es\/en\/blog\/osvaldo-sejas-wins-catalan-young-chef-award-2023\/"]}]},{"@type":"ImageObject","inLanguage":"en-US","@id":"https:\/\/www.santpol.edu.es\/en\/blog\/osvaldo-sejas-wins-catalan-young-chef-award-2023\/#primaryimage","url":"https:\/\/www.santpol.edu.es\/wp-content\/uploads\/2023\/04\/DSC03198.jpg","contentUrl":"https:\/\/www.santpol.edu.es\/wp-content\/uploads\/2023\/04\/DSC03198.jpg","width":6000,"height":3376},{"@type":"WebSite","@id":"https:\/\/www.santpol.edu.es\/#website","url":"https:\/\/www.santpol.edu.es\/","name":"St. POL Hospitality &amp; Culinary Business School - Barcelona","description":"St. POL Hospitality &amp; Culinary Business School - Barcelona","publisher":{"@id":"https:\/\/www.santpol.edu.es\/#organization"},"potentialAction":[{"@type":"SearchAction","target":{"@type":"EntryPoint","urlTemplate":"https:\/\/www.santpol.edu.es\/?s={search_term_string}"},"query-input":{"@type":"PropertyValueSpecification","valueRequired":true,"valueName":"search_term_string"}}],"inLanguage":"en-US"},{"@type":"Organization","@id":"https:\/\/www.santpol.edu.es\/#organization","name":"St. POL Hospitality &amp; Culinary Business School - Barcelona","url":"https:\/\/www.santpol.edu.es\/","logo":{"@type":"ImageObject","inLanguage":"en-US","@id":"https:\/\/www.santpol.edu.es\/#\/schema\/logo\/image\/","url":"https:\/\/santpol.edu.es\/wp-content\/uploads\/2019\/09\/logoweb-santpol.jpg","contentUrl":"https:\/\/santpol.edu.es\/wp-content\/uploads\/2019\/09\/logoweb-santpol.jpg","width":324,"height":81,"caption":"St. POL Hospitality &amp; Culinary Business School - Barcelona"},"image":{"@id":"https:\/\/www.santpol.edu.es\/#\/schema\/logo\/image\/"},"sameAs":["https:\/\/www.facebook.com\/EUHTStPOL","https:\/\/x.com\/euhtstpol","https:\/\/www.instagram.com\/euhtstpol\/","https:\/\/www.linkedin.com\/school\/euhtstpol-barcelona\/mycompany\/","https:\/\/es.pinterest.com\/euhtstpol\/","https:\/\/www.youtube.com\/user\/EUHTStPOL1"]},{"@type":"Person","@id":"https:\/\/www.santpol.edu.es\/#\/schema\/person\/8d0caa258341c2a053f784650ff61a84","name":"administrador","image":{"@type":"ImageObject","inLanguage":"en-US","@id":"https:\/\/www.santpol.edu.es\/#\/schema\/person\/image\/","url":"https:\/\/www.santpol.edu.es\/wp-content\/litespeed\/avatar\/3e48ceb013e3dcc49deda32e2b823a70.jpg?ver=1777377023","contentUrl":"https:\/\/www.santpol.edu.es\/wp-content\/litespeed\/avatar\/3e48ceb013e3dcc49deda32e2b823a70.jpg?ver=1777377023","caption":"administrador"}}]}},"_links":{"self":[{"href":"https:\/\/www.santpol.edu.es\/en\/wp-json\/wp\/v2\/posts\/58973","targetHints":{"allow":["GET"]}}],"collection":[{"href":"https:\/\/www.santpol.edu.es\/en\/wp-json\/wp\/v2\/posts"}],"about":[{"href":"https:\/\/www.santpol.edu.es\/en\/wp-json\/wp\/v2\/types\/post"}],"author":[{"embeddable":true,"href":"https:\/\/www.santpol.edu.es\/en\/wp-json\/wp\/v2\/users\/1"}],"replies":[{"embeddable":true,"href":"https:\/\/www.santpol.edu.es\/en\/wp-json\/wp\/v2\/comments?post=58973"}],"version-history":[{"count":2,"href":"https:\/\/www.santpol.edu.es\/en\/wp-json\/wp\/v2\/posts\/58973\/revisions"}],"predecessor-version":[{"id":59127,"href":"https:\/\/www.santpol.edu.es\/en\/wp-json\/wp\/v2\/posts\/58973\/revisions\/59127"}],"wp:featuredmedia":[{"embeddable":true,"href":"https:\/\/www.santpol.edu.es\/en\/wp-json\/wp\/v2\/media\/58977"}],"wp:attachment":[{"href":"https:\/\/www.santpol.edu.es\/en\/wp-json\/wp\/v2\/media?parent=58973"}],"wp:term":[{"taxonomy":"category","embeddable":true,"href":"https:\/\/www.santpol.edu.es\/en\/wp-json\/wp\/v2\/categories?post=58973"},{"taxonomy":"post_tag","embeddable":true,"href":"https:\/\/www.santpol.edu.es\/en\/wp-json\/wp\/v2\/tags?post=58973"}],"curies":[{"name":"wp","href":"https:\/\/api.w.org\/{rel}","templated":true}]}}